{"id":810,"date":"2013-04-12T21:37:00","date_gmt":"2013-04-12T19:37:00","guid":{"rendered":"http:\/\/www.atorgael.com\/le-mediko\/?p=810"},"modified":"2013-07-08T10:20:34","modified_gmt":"2013-07-08T08:20:34","slug":"une-legion-penale-les-bannis","status":"publish","type":"post","link":"https:\/\/www.atorgael.com\/le-mediko\/une-legion-penale-les-bannis\/","title":{"rendered":"Une l\u00e9gion p\u00e9nale : les Bannis."},"content":{"rendered":"<p style=\"text-align: center\"><a href=\"http:\/\/www.atorgael.com\/le-mediko\/une-legion-penale-les-bannis\/bannis01\/\" rel=\"attachment wp-att-811\"><img loading=\"lazy\" decoding=\"async\" class=\"aligncenter size-large wp-image-811\" alt=\"\" src=\"http:\/\/www.atorgael.com\/le-mediko\/files\/2012\/11\/bannis01-560x294.jpg\" width=\"560\" height=\"294\" srcset=\"https:\/\/www.atorgael.com\/le-mediko\/files\/2012\/11\/bannis01-560x294.jpg 560w, https:\/\/www.atorgael.com\/le-mediko\/files\/2012\/11\/bannis01-300x157.jpg 300w, https:\/\/www.atorgael.com\/le-mediko\/files\/2012\/11\/bannis01.jpg 600w\" sizes=\"auto, (max-width: 560px) 100vw, 560px\" \/><\/a><\/p>\n<p style=\"text-align: justify\"><em>Quand, apr\u00e8s presque dix ans de campagne, les gardes du deuxi\u00e8me S\u00e9l\u00e9nia apprirent officiellement qu&rsquo;ils ne quitteraient jamais plus les steppes d\u00e9sol\u00e9es de tethVI et ne reverraient, par cons\u00e9quent, ni la terre natale, ni leurs familles, le r\u00e9giment affronta une grave crise morale.<\/em><\/p>\n<p style=\"text-align: justify\"><em>Il faut sans doute mettre au cr\u00e9dit de l&rsquo;encadrement le fait qu&rsquo;aucune grande unit\u00e9 constitu\u00e9e ne se soit mutin\u00e9e. M\u00eame si des cas de refus d&rsquo;ob\u00e9issance individuels ont semble-t-il \u00e9t\u00e9 observ\u00e9s (ce qu&rsquo;aucun officier du r\u00e9giment n&rsquo;accepte de reconna\u00eetre officiellement, nous l&rsquo;avons constat\u00e9), l&rsquo;endurcissement n\u00e9 de la longueur de la campagne et le lien forg\u00e9 entre la troupe et des cadres le plus souvent sortis des rangs a en g\u00e9n\u00e9ral suffi \u00e0 pr\u00e9server la coh\u00e9rence des bataillons.<\/em><\/p>\n<p style=\"text-align: justify\"><em>Mais ce qui est vrai pour une grande unit\u00e9 combattante, un bataillon motoris\u00e9 ou un escadron de char, ne l&rsquo;est pas forc\u00e9ment pour le petit groupe isol\u00e9 pendant de longs mois dans un d\u00e9p\u00f4t perdu au milieu du d\u00e9sert ou un poste d&rsquo;observation isol\u00e9 au sommet d&rsquo;un piton aride. La grande dispersion tactique du deuxi\u00e8me S\u00e9l\u00e9nia avait multipli\u00e9 les d\u00e9tachements en tous genres et, pour ces \u00ab\u00a0enfants perdus\u00a0\u00bb charg\u00e9s de p\u00e9nibles missions de garde ou de surveillance, la rumeur de l&rsquo;exil d\u00e9finitif venant s&rsquo;ajouter \u00e0 la solitude et \u00e0 l&rsquo;angoisse de chaque jour, fut souvent la souffrance de trop.<\/em><\/p>\n<p style=\"text-align: justify\"><em>On a parl\u00e9 de suicides, il y en eut certainement, mais \u00a0les abandons de poste et les d\u00e9sertions furent plus nombreux. Des gardes jet\u00e8rent avec rage l&rsquo;\u00e9pauli\u00e8re jaune et le croissant qui faisaient jusque-l\u00e0 leur fiert\u00e9 pour se fondre dans la steppe avec leurs armes et leur mat\u00e9riel. Certains se joignirent \u00e0 l&rsquo;une ou l&rsquo;autre des innombrables sectes mill\u00e9naristes qui fleurissent sur Teth, troquant l&rsquo;uniforme pour la bure et le fusil laser pour le b\u00e2ton du Flagellant. D&rsquo;autres, qui avaient nou\u00e9 des liens dans certaines tribus, s&rsquo;y fondirent, \u00e9pousant leurs ma\u00eetresses et se faisant bergers ou artisans. D&rsquo;autres h\u00e9las utilis\u00e8rent leur exp\u00e9rience tactique pour former de v\u00e9ritables bandes de bandits de grands chemins qui pass\u00e8rent peu \u00e0 peu sud du Sillon pour ran\u00e7onner les fermes et les voyageurs.<\/em><\/p>\n<p style=\"text-align: justify\"><em>Aucun chiffre n&rsquo;a jamais filtr\u00e9 de l&rsquo;\u00e9tat-major sur le nombre de ces d\u00e9serteurs, mais pour le colonel Bargonzolli et le commissaire Vincenze, ces bandes repr\u00e9sent\u00e8rent bient\u00f4t un d\u00e9fi redoutable!<\/em><\/p>\n<p style=\"text-align: justify\"><em>A l&rsquo;\u00e9vidence le simple respect des codes de la Garde Imp\u00e9riale impliquait de les traquer sans piti\u00e9 et de les \u00e9liminer sans autre forme de proc\u00e8s. H\u00e9las, la r\u00e9alit\u00e9 pr\u00e9valant sur TethVI rendait cette mesure difficilement applicable, sinon dangereuse. En effet, si l&rsquo;organisation d\u00e9centralis\u00e9e et l&rsquo;initiative tr\u00e8s large laiss\u00e9e aux unit\u00e9s avaient permis au r\u00e9giment de remarquablement accomplir sa mission dans des conditions difficiles, elles avaient par contre le d\u00e9faut d&rsquo;avoir habitu\u00e9 les hommes \u00e0 se fier \u00e0 leur propre jugement plus qu&rsquo;il n&rsquo;est souhaitable. Beaucoup de ceux qui avaient su rester fid\u00e8le \u00e0 leur serment de Garde Imp\u00e9rial n&rsquo;en n&rsquo;\u00e9taient pas moins profond\u00e9ment bless\u00e9 par cet exil forc\u00e9 qu&rsquo;ils jugaient injuste : ils conserv\u00e8rent naturellement une certaine sympathie pour leurs fr\u00e8res d&rsquo;armes d\u00e9voy\u00e9s, allant parfois jusqu&rsquo;\u00e0 les ravitailler secr\u00e8tement ou \u00e0 les cacher. Il \u00e9tait donc \u00e0 craindre que la discipline ne s&rsquo;\u00e9rode progressivement si l&rsquo;on n\u00e9gligeait de punir les d\u00e9serteurs, mais on pouvait redouter tout autant que ceux \u00e0 qui on donnait l&rsquo;ordre de les arr\u00eater ou de les abattre ne choisissent plut\u00f4t de les rejoindre!\u00a0D&rsquo;un autre point de vue, le commandement du r\u00e9giment ne pouvait difficilement, sans perdre la face devant les Autorit\u00e9s Plan\u00e9taires, accepter que des v\u00e9t\u00e9rans du Deuxi\u00e8me S\u00e9l\u00e9nia ran\u00e7onnent les voyageurs, pillent les d\u00e9p\u00f4ts du Consortium ou rossent la milice plan\u00e9taire!<\/em><\/p>\n<p style=\"text-align: justify\"><em>La solution fut trouv\u00e9e, comme souvent, par hasard. Une forte bande de d\u00e9serteurs venait de s&#8217;emparer d&rsquo;un relai sur la piste de Viridias, non loin de la vall\u00e9e des Devins, quand survint un petit d\u00e9tachement d&rsquo;\u00e9claireurs du 4\u00e8me escadron de cavalerie dirig\u00e9 par lieutenant L\u00e9oncello en personne. Les Gardes \u00e9taient tr\u00e8s inf\u00e9rieurs en nombre, \u00e9puis\u00e9s par une longue mission de surveillance des bandes d&rsquo;orks r\u00e9cemment descendus des montagnes, mais ils n&rsquo;eurent aucune h\u00e9sitation \u00e0 investir le relai : cavaliers et d\u00e9serteurs se trouv\u00e8rent face \u00e0 face, chacun h\u00e9sitant \u00e0 ouvrir le feu sur l&rsquo;autre. Le lieutenant L\u00e9oncello \u00e9tait d\u00e9j\u00e0 \u00e0 cette \u00e9poque une l\u00e9gende vivante parmi les hommes du Deuxi\u00e8me S\u00e9l\u00e9nia : il suffisait d&rsquo;un regard sur son visage d\u00e9form\u00e9 par les implants bioniques, pour que chacun le reconnaisse aussit\u00f4t.<\/em><\/p>\n<p style=\"text-align: justify\"><em>On raconte que les d\u00e9serteurs firent observer qu&rsquo;ils \u00e9taient plus nombreux et qu&rsquo;ils \u00e9taient pr\u00eats \u00e0 laisser \u00e0 leurs anciens fr\u00e8res d&rsquo;armes la vie sauve en \u00e9change du butin, mais qu&rsquo;ils n&rsquo;os\u00e8rent pourtant pas engager imm\u00e9diatement le combat.\u00a0Alors que chacun h\u00e9sitait encore, L\u00e9oncello avan\u00e7a seul au milieu des bandit, abattit d&rsquo;un seul revers de son \u00e9p\u00e9e \u00e9nerg\u00e9tique deux hommes qui faisaient mine de s&rsquo;opposer \u00e0 lui avant d&rsquo;\u00e9craser les autres sous son regard m\u00e9tallique :<\/em><\/p>\n<p style=\"text-align: justify\"><em>&#8211; Vous pouvez jeter vos armes ou les garder, cela m&rsquo;importe peu, je ch\u00e2tierai les uns comme les autres!<\/em><\/p>\n<p style=\"text-align: justify\"><em>Cela suffit \u00e0 la plupart qui rendirent les armes aussit\u00f4t, mais certains refus\u00e8rent. Avec une sorte de fiert\u00e9 d\u00e9sabus\u00e9e : il mirent le fusil \u00e0 la bretelle en disant qu&rsquo;il acceptaient de lib\u00e9rer leurs otages, mais que, tant qu&rsquo;\u00e0 mourir, il pr\u00e9f\u00e9raient le faire avec leur armes des mains de leurs anciens compagnons. Il est probable que L\u00e9oncello fut sensible \u00e0 leur courage, on raconte aussi qu&rsquo;il connaissait l&rsquo;un d&rsquo;entre eux, un ancien sergent v\u00e9t\u00e9ran avec qui il avait eu l&rsquo;occasion de combattre. Il n&rsquo;y eut donc pas d&rsquo;autre combat ce soir-l\u00e0 : les civils quitt\u00e8rent le relai avec de grandes protestations de gratitude envers le lieutenant, puis les gardes loyaux et leurs prisonniers se trouv\u00e8rent \u00e0 bivouaquer \u00e0 proximit\u00e9 l&rsquo;un de l&rsquo;autre dans un silence g\u00ean\u00e9. Les cavaliers n&rsquo;\u00e9taient gu\u00e8re assez nombreux pour esp\u00e9rer garder les captifs, ceux-ci de leur c\u00f4t\u00e9 n&rsquo;\u00e9taient pas vraiment d\u00e9sireux de tenter une \u00e9preuve de force, beaucoup ressentant am\u00e8rement la honte d&rsquo;avoir abandonn\u00e9 leur r\u00e9giment.<\/em><\/p>\n<p style=\"text-align: justify\"><em>Avec le soir, le souvenir des combats men\u00e9s ensemble s&rsquo;imposa, on commen\u00e7a \u00e0 se parler, puis timidement, certains vinrent demander \u00e0 L\u00e9oncello de les conseiller sur la mani\u00e8re de sortir de l&rsquo;impasse dans laquelle ils \u00e9taient : les plus innocents commen\u00e7ant m\u00eame \u00e0 esp\u00e9rer qu&rsquo;ils pourraient r\u00e9int\u00e9grer les rangs!<\/em><\/p>\n<p style=\"text-align: justify\"><em>Le lieutenant ne les laissa pas dans cette illusion, par contre il eut l&rsquo;id\u00e9e de leur parler des orks qui infestaient la bordure de l&rsquo;escarpement, entre le Sillon et les plateaux :<\/em><\/p>\n<p style=\"text-align: justify\"><em>&#8211; Il vous reste une voie si vous voulez laver un peu de la honte qui vous recouvre : \u00a0passer au nord de l&rsquo;escarpement, traquer les Peaux Vertes et tous les ennemis de l&rsquo;Empereur dans l&rsquo;espoir de redevenir des combattants, pas des Gardes Imp\u00e9riaux naturellement, mais au moins des combattants! Ceux qui feront cela ne pourront jamais revenir, mais ils recevront des armes et du ravitaillement en m\u00eame temps qu&rsquo;ils retrouveront l&rsquo;estime de leurs anciens compagnons d&rsquo;armes. Les autres, je les enterrerai moi-m\u00eame, ici, avec leur honte!<\/em><\/p>\n<p style=\"text-align: justify\"><em>Pas un ne sembla douter que le lieutenant \u00e9tait capable, \u00e0 lui seul, de les abattre tous, mais l&rsquo;espoir de retrouver un semblant d&rsquo;honneur en m\u00eame temps que de quoi survivre de mani\u00e8re un peu moins al\u00e9atoire, fut pour beaucoup d\u00e9cisif! Le matin venu, les proscris vinrent annoncer au lieutenant qu&rsquo;ils acceptaient ses conditions. Celui-ci de son c\u00f4t\u00e9 tint parole : il les escorta au-del\u00e0 du Sillon, puis apr\u00e8s leur avoir rendu leurs armes et fait distribur de la nourriture leur d\u00e9signa le d\u00e9sert d&rsquo;un geste qui leur rappela qu&rsquo;il n&rsquo;y aurait pas de seconde chance&#8230;<\/em><\/p>\n<p style=\"text-align: right\">Lazlo Fanicz : <em>histoire du 2\u00e8me S\u00e9l\u00e9nia<\/em><br \/>\n\u00e9dition dite \u00ab\u00a0de Vassel\u00a0\u00bb chap 15, vol IV<\/p>\n<p style=\"text-align: justify\"><a href=\"http:\/\/www.atorgael.com\/le-mediko\/une-legion-penale-les-bannis\/bannis04\/\" rel=\"attachment wp-att-817\"><img loading=\"lazy\" decoding=\"async\" class=\"aligncenter size-large wp-image-817\" alt=\"\" src=\"http:\/\/www.atorgael.com\/le-mediko\/files\/2012\/11\/bannis04-560x364.jpg\" width=\"560\" height=\"364\" srcset=\"https:\/\/www.atorgael.com\/le-mediko\/files\/2012\/11\/bannis04-560x364.jpg 560w, https:\/\/www.atorgael.com\/le-mediko\/files\/2012\/11\/bannis04-300x195.jpg 300w, https:\/\/www.atorgael.com\/le-mediko\/files\/2012\/11\/bannis04.jpg 600w\" sizes=\"auto, (max-width: 560px) 100vw, 560px\" \/><\/a><\/p>\n<p style=\"text-align: justify\">On peut douter du r\u00e9cit de Lazlo Fanicz, connu pour sa tendance \u00e0 toujours pr\u00e9senter le Deuxi\u00e8me S\u00e9l\u00e9nia et ses hommes sous un jour h\u00e9ro\u00efque, il n&rsquo;en reste pas moins que ces irr\u00e9guliers, que l&rsquo;on conna\u00eet sur Teth sous le nom de \u00ab\u00a0Bannis\u00a0\u00bb, apparurent au cours de la campagne quand il fallu r\u00e9gler la question des d\u00e9serteurs ou des criminels issus du r\u00e9giment, alors m\u00eame que la p\u00e9nurie chronique de combattants rendait difficile de les \u00e9liminer ou de les enfermer. Admettons donc, comme Lazlo, que l&rsquo;id\u00e9e de les chasser dans le d\u00e9sert pour en faire des commandos de marche charg\u00e9s de collecter du renseignement, mais surtout de provoquer le maximum de d\u00e9g\u00e2ts chez l&rsquo;ennemi, fut celle du lieutenant L\u00e9oncello; elle n&rsquo;en fut pas moins pr\u00e9cis\u00e9e et mise en oeuvre aux plus hauts \u00e9chelons de la hi\u00e9rarchie!<\/p>\n<p style=\"text-align: justify\">Ce que L Fanicz ne dit pas directement, c&rsquo;est que ces unit\u00e9s tr\u00e8s sp\u00e9ciales sont toujours strictement encadr\u00e9es par un corps de sous-officiers sp\u00e9cialement form\u00e9 et plac\u00e9 sous le commandement direct du commissaire Vincenze lui-m\u00eame. Ces \u00ab\u00a0Nounous\u00a0\u00bb ainsi que les proscrits ont pris l&rsquo;habitude de les d\u00e9signer, sont seuls habilit\u00e9s \u00e0 rester en contact avec le r\u00e9giment qui fixe les missions confi\u00e9es \u00e0 leurs hommes. Ils poss\u00e8dent surtout les codes permettant de trouver les lieux de rendez-vous secrets ou d&rsquo;obtenir munitions et ravitaillement. Ils sont enfin les seuls juges du destin des criminels confi\u00e9s \u00e0 leur garde, sur lesquels ils ont droit de vie et de mort.<\/p>\n<p style=\"text-align: justify\">Pour le voyageur qui craint toujours de les croiser comme pour les autres soldats, les Bannis se reconnaissent d&rsquo;abord \u00e0 la casaque rouge (qui peut-\u00eatre une veste, un surcot, un treillis ou que sais-je du moment que c&rsquo;est rouge!) habituellement orn\u00e9e de signes de reconnaissance choisis par les hommes eux-m\u00eames ou par leurs \u00ab\u00a0Nounous\u00a0\u00bb. Bizarrement, cette casaque infamante est devenue pour eux un motif de fiert\u00e9 et presque de gloire, il ne s&rsquo;en s\u00e9pareraient pour rien au monde et se font un point d&rsquo;honneur d&rsquo;\u00eatre ensevelis avec. Pour le reste, leur \u00e9quipement est h\u00e9t\u00e9roclite et leurs v\u00eatements issus de tous les rebuts de l&rsquo;intendance. Si leurs armes sont marqu\u00e9es des signes habituels de la Garde Imp\u00e9riale, eux-m\u00eame n&rsquo;ont, sous peine de mort, le droit d&rsquo;arborer aucun insigne honorable, qu&rsquo;ils s&rsquo;agisse de l&rsquo;aquila ou des couleurs et symboles du r\u00e9giment.<\/p>\n<p style=\"text-align: justify\">Je ne sais si les Bannis de Teth port\u00e8rent jamais le \u00ab\u00a0collier de discipline\u00a0\u00bb que l&rsquo;on a coutume d&#8217;employer dans les autres compagnies p\u00e9nales de la Garde Imp\u00e9riale, mais comme il n&rsquo;existe pour les proscrits aucun autre moyen que l&rsquo;ob\u00e9issance pour obtenir l&rsquo;aide du r\u00e9giment &#8211; dont ils ont d\u00e9sesp\u00e9r\u00e9ment besoin pour ne pas mourir de faim et de soif &#8211; ce serait finalement un gaspillage! \u00ab\u00a0L&rsquo;homme seul dans le d\u00e9sert \u00a0na\u00eet \u00e0 l&rsquo;aube et \u00a0meurt \u00e0 midi\u00a0\u00bb disent les nomades de Teth, les Bannis le savent parfaitement. Quant \u00e0 ceux qui auraient l&rsquo;id\u00e9e de \u00a0fuir vers les zones habitu\u00e9es, ils savent qu&rsquo;il n&rsquo;y a qu&rsquo;une peine, imm\u00e9diatement ex\u00e9cutoire, pour un banni pris au sud du sillon : la mort par insolation, li\u00e9 \u00e0 un poteau ou \u00e0 un rocher. Inutile de dire que les Bannis veillent toujours sur leurs \u00ab\u00a0Nounous\u00a0\u00bb comme sur la prunelle de leurs yeux : sa mort, quelle qu&rsquo;en soit la cause, signifie toujours la leur. Il n&rsquo;y a pas de seconde chance.<\/p>\n<p style=\"text-align: center\"><a href=\"http:\/\/www.atorgael.com\/le-mediko\/une-legion-penale-les-bannis\/bannis08\/\" rel=\"attachment wp-att-818\"><img loading=\"lazy\" decoding=\"async\" class=\"aligncenter size-large wp-image-818\" alt=\"\" src=\"http:\/\/www.atorgael.com\/le-mediko\/files\/2012\/11\/bannis08-560x348.jpg\" width=\"560\" height=\"348\" srcset=\"https:\/\/www.atorgael.com\/le-mediko\/files\/2012\/11\/bannis08-560x348.jpg 560w, https:\/\/www.atorgael.com\/le-mediko\/files\/2012\/11\/bannis08-300x186.jpg 300w, https:\/\/www.atorgael.com\/le-mediko\/files\/2012\/11\/bannis08.jpg 600w\" sizes=\"auto, (max-width: 560px) 100vw, 560px\" \/><\/a><\/p>\n<p style=\"text-align: justify\">Ainsi se sont constitu\u00e9es les bandes de Bannis : quelques centaines d&rsquo;hommes dispers\u00e9s dans le d\u00e9sert vivant en groupes plus ou moins r\u00e9duits mais ne d\u00e9passant jamais une vingtaine d&rsquo;hommes, choisissant leurs r\u00e8gles et leur mode de fonctionnement, \u00e9tablissant leurs rites&#8230; Les ann\u00e9es passant, l&rsquo;institution s&rsquo;est p\u00e9rennis\u00e9e au point de devenir la sanction syst\u00e9matique pour chaque manquement grave \u00e0 la discipline. Dans les unit\u00e9s et les popotes, le jargon du combattant \u00e0 int\u00e9gr\u00e9 l&rsquo;id\u00e9e par des expressions argotiques, toutes plus imag\u00e9es les unes que les autres, mais, plus curieusement, les bandes de Bannis se sont trouv\u00e9es fournir une voie pour tout ceux qui, pour une raison ou une autre, ne supportent plus la discipline militaire ou la vie de garnison. On raconte dans les bivouacs qu&rsquo;il y a eu m\u00eame des officiers pour choisir d&rsquo;endosser la casaque rouge et aller se perdre au del\u00e0 de l&rsquo;horizon dans les r\u00e9gions les plus d\u00e9sol\u00e9es et les plus inhospitali\u00e8res de Teth. Difficile \u00e0 v\u00e9rifier : les Bannis n&rsquo;ont plus d&rsquo;identit\u00e9, le nom qu&rsquo;ils portent ne signifie rien et ils ne reviennent jamais vivants au sud du Sillon&#8230;<\/p>\n","protected":false},"excerpt":{"rendered":"<p>Quand, apr\u00e8s presque dix ans de campagne, les gardes du deuxi\u00e8me S\u00e9l\u00e9nia apprirent officiellement qu&rsquo;ils ne quitteraient jamais plus les steppes d\u00e9sol\u00e9es de tethVI et ne reverraient, par cons\u00e9quent, ni la terre natale, ni leurs familles, le r\u00e9giment affronta une grave crise morale. Il faut sans doute mettre au cr\u00e9dit de l&rsquo;encadrement le fait qu&rsquo;aucune [&hellip;]<\/p>\n","protected":false},"author":30,"featured_media":0,"comment_status":"open","ping_status":"open","sticky":false,"template":"","format":"standard","meta":{"jetpack_post_was_ever_published":false,"_jetpack_newsletter_access":"","_jetpack_dont_email_post_to_subs":false,"_jetpack_newsletter_tier_id":0,"_jetpack_memberships_contains_paywalled_content":false,"_jetpack_memberships_contains_paid_content":false,"footnotes":""},"categories":[1],"tags":[58,5,18,44,24,8,33,20],"class_list":["post-810","post","type-post","status-publish","format-standard","hentry","category-recits","tag-bannis","tag-garde-imperiale","tag-infanterie","tag-legion-penale","tag-recit","tag-selenia","tag-tethvi","tag-unite-et-escadron"],"views":6014,"jetpack_featured_media_url":"","jetpack_sharing_enabled":true,"_links":{"self":[{"href":"https:\/\/www.atorgael.com\/le-mediko\/wp-json\/wp\/v2\/posts\/810","targetHints":{"allow":["GET"]}}],"collection":[{"href":"https:\/\/www.atorgael.com\/le-mediko\/wp-json\/wp\/v2\/posts"}],"about":[{"href":"https:\/\/www.atorgael.com\/le-mediko\/wp-json\/wp\/v2\/types\/post"}],"author":[{"embeddable":true,"href":"https:\/\/www.atorgael.com\/le-mediko\/wp-json\/wp\/v2\/users\/30"}],"replies":[{"embeddable":true,"href":"https:\/\/www.atorgael.com\/le-mediko\/wp-json\/wp\/v2\/comments?post=810"}],"version-history":[{"count":0,"href":"https:\/\/www.atorgael.com\/le-mediko\/wp-json\/wp\/v2\/posts\/810\/revisions"}],"wp:attachment":[{"href":"https:\/\/www.atorgael.com\/le-mediko\/wp-json\/wp\/v2\/media?parent=810"}],"wp:term":[{"taxonomy":"category","embeddable":true,"href":"https:\/\/www.atorgael.com\/le-mediko\/wp-json\/wp\/v2\/categories?post=810"},{"taxonomy":"post_tag","embeddable":true,"href":"https:\/\/www.atorgael.com\/le-mediko\/wp-json\/wp\/v2\/tags?post=810"}],"curies":[{"name":"wp","href":"https:\/\/api.w.org\/{rel}","templated":true}]}}