{"id":685,"date":"2012-11-15T00:41:12","date_gmt":"2012-11-14T23:41:12","guid":{"rendered":"http:\/\/www.atorgael.com\/le-mediko\/?p=685"},"modified":"2016-07-25T20:03:55","modified_gmt":"2016-07-25T18:03:55","slug":"paysages-de-tethvi-bunkers-et-bastions","status":"publish","type":"post","link":"https:\/\/www.atorgael.com\/le-mediko\/paysages-de-tethvi-bunkers-et-bastions\/","title":{"rendered":"Paysages de TethVI : bunkers et bastions"},"content":{"rendered":"<p><a href=\"http:\/\/www.atorgael.com\/le-mediko\/paysages-de-tethvi-bunkers-et-bastions\/casemate38\/\" rel=\"attachment wp-att-688\"><img loading=\"lazy\" decoding=\"async\" class=\"aligncenter\" src=\"http:\/\/www.atorgael.com\/le-mediko\/files\/2012\/09\/casemate38-560x395.jpg\" alt=\"\" width=\"560\" height=\"395\" \/><\/a><\/p>\n<p style=\"text-align: justify\"><em>Parmi les nombreux vestiges qui nous parlent du pass\u00e9 troubl\u00e9 de TethVI, l&rsquo;un des plus spectaculaires (si l&rsquo;on excepte les fameuses \u00ab\u00a0portes\u00a0\u00bb est constitu\u00e9 par un vaste ouvrage d\u00e9fensif \u00e0 l&rsquo;abandon situ\u00e9 en plein d\u00e9sert \u00e0 environ huit cents kilom\u00e8tres au nord de Viridias. Nul ne sait quand ni pourquoi cette ceinture imposante a \u00e9t\u00e9 construite, ni quels combats elle a pu conna\u00eetre. Le savoir concernant le pass\u00e9 de la plan\u00e8te a \u00e9t\u00e9 perdu ou soigneusement dissimul\u00e9 dans des archives inaccessibles, et il ne reste \u00e0 l&rsquo;\u00e9rudit ou au curieux que l&rsquo;observation directe et les r\u00e9cits plus ou moins l\u00e9gendaires qui courent dans la steppe.<\/em><\/p>\n<p style=\"text-align: justify\"><em>Une chose para\u00eet certaine toutefois, l&rsquo;ouvrage est de facture imp\u00e9riale : les bastions et les redoutes qui en composent l&rsquo;essentiel sont du mod\u00e8le standard des fortifications de campagne de l&rsquo;Imperium, et la disposition g\u00e9n\u00e9rale des d\u00e9fenses correspond tout \u00e0 fait aux br\u00e9viaires de combat en usage dans la Garde.<\/em><\/p>\n<p style=\"text-align: justify\"><em>La ligne des forts est donc une longue ligne de fortifications organis\u00e9e en arc de cercle un peu au nord du \u00ab\u00a0Sillon\u00a0\u00bb, le premier des longs escarpements qui marquent la limite des plateaux, et dispos\u00e9e comme pour prot\u00e9ger Viridias, et les r\u00e9gions les plus fertiles de la Pang\u00e9e, d&rsquo;une attaque venue du d\u00e9sert ou des plateaux nordiques. Son flanc ouest s&rsquo;ancre sur les contreforts du Nevo o\u00f9 ont \u00e9t\u00e9 \u00e9difi\u00e9es plusieurs forteresses imposantes dont certaines ont \u00e9t\u00e9 r\u00e9investies pas le Consortium. Sa bordure est, par contre, n&rsquo;a, \u00e0 ma connaissance, pas \u00e9t\u00e9 retrouv\u00e9e. Des ouvrages ont peut-\u00eatre \u00e9t\u00e9 d\u00e9truits ou d\u00e9vor\u00e9s par les sables du Grand Erg, mais on trouve encore des bastions \u00e0 mille kilom\u00e8tres environ au nord est de Sainte Alia sur le canal Flumen. Certains nomades qui vivent en bordure de l&rsquo;erg, racontent \u00e9galement qu&rsquo;il existe \u00e0 des jours de marche \u00e0 travers le sable une gigantesque forteresse abandonn\u00e9 qui pourrait bien \u00eatre l&rsquo;ancrage est de la ligne, mais nul n&rsquo;a accept\u00e9 de nous en dire plus et encore moins de nous y conduire. Dans la mesure o\u00f9 aucune des photos satellite de la r\u00e9gion ne montre quoi que ce soit de probant, il est \u00e0 craindre qu&rsquo;il ne s&rsquo;agisse, une fois de plus, de l\u00e9gendes sans fondement.<\/em><\/p>\n<p style=\"text-align: justify\"><em>Si l&rsquo;ouvrage est de toute \u00e9vidence formidable par son ampleur, que l&rsquo;on n&rsquo;aille pas imaginer pour autant une muraille continue ni de majestueuses forteresses. Pour l&rsquo;essentiel, la ligne est constitu\u00e9e de centaines de bastions imp\u00e9riaux dispos\u00e9s sur une profondeur de cinq \u00e0 quinze kilom\u00e8tres pour former des p\u00e9rim\u00e8tres fortifi\u00e9s d&rsquo;importance tr\u00e8s variable. Entre ces p\u00e9rim\u00e8tres, des casemates isol\u00e9es sont construites sur les d\u00e9bouch\u00e9s et les accidents de terrain de mani\u00e8re \u00e0 couvrir de leur feux les acc\u00e8s et les cheminements. D&rsquo;innombrables ouvrages de faible importance pars\u00e8ment les intervalles, depuis des lignes d&rsquo;\u00e9l\u00e9ments Aegis, jusqu&rsquo;\u00e0 des redoutes d&rsquo;infanterie, en passant par tout l&rsquo;\u00e9ventail des obstacles, foss\u00e9s et redans. Il suffit de longer la ligne sur une certaine distance pour se faire une id\u00e9e de l&rsquo;importance du travail effectu\u00e9 comme de la densit\u00e9 des troupes n\u00e9cessaires \u00e0 son occupation. De tous ces hommes, il ne subsiste aucune trace&#8230; Ont-il quitt\u00e9 Teth pour d&rsquo;autres champ de bataille? Leurs ossements ont-ils tous \u00e9t\u00e9 \u00e9rod\u00e9s par le vent du d\u00e9sert? Ont-ils \u00e9t\u00e9 victime d&rsquo;un sort tellement abominable que personne n&rsquo;a m\u00eame le droit de l&rsquo;\u00e9voquer? Nul ne semble avoir sur Teth le d\u00e9but d&rsquo;un \u00e9l\u00e9ment de r\u00e9ponse, et ce vide a quelque chose d&rsquo;effrayant&#8230;<\/em><\/p>\n<p style=\"text-align: right\">Ossion de C\u00e9racuse, <em>Deux ann\u00e9es sur TethVI<\/em>, 45\/VII<br \/>\nEdition semi-clandestine dite \u00ab\u00a0de Viridias\u00a0\u00bb<\/p>\n<p style=\"text-align: justify\">Dans l&rsquo;image que je me fais de l&rsquo;ambiance TethVI, la ligne des forts est un des \u00e9l\u00e9ments majeurs (avec les Portes et le Nevo). Est-ce parce j&rsquo;ai toujours aim\u00e9 me balader sur le Mur de l&rsquo;Atlantique? Sans doute. C&rsquo;est aussi parce que j&rsquo;aime beaucoup l&rsquo;id\u00e9e d&rsquo;une ligne fortifi\u00e9e fant\u00f4me \u00e0 demi ensevelie par le sable mais qui conserve ses secrets, ses armes automatis\u00e9es devenues plus ou moins sauvages, ses squatters -humains ou pas- et ses \u00e2mes errantes.<\/p>\n<p style=\"text-align: justify\">L&rsquo;esth\u00e9tique d\u00e9finitive de la ligne est n\u00e9e, elle, de l&rsquo;improbable croisement entre mes visites des \u00a0forts turcs abandonn\u00e9s de la voie ferr\u00e9e du Hedjaz et de la sortie d&rsquo;assaut plan\u00e9taire avec ses boites de bastions. La r\u00e9alisation des d\u00e9cors ad hoc s&rsquo;est \u00e9tal\u00e9e sur plusieurs ann\u00e9es et n&rsquo;est toujours pas termin\u00e9e naturellement, mais le \u00ab\u00a0Ligne des forts\u00a0\u00bb commence \u00e0 ressembler \u00e0 quelque chose!<\/p>\n<p style=\"text-align: justify\"><a href=\"http:\/\/www.atorgael.com\/le-mediko\/paysages-de-tethvi-bunkers-et-bastions\/attachment\/02230032\/\" rel=\"attachment wp-att-686\"><img loading=\"lazy\" decoding=\"async\" class=\"aligncenter size-large wp-image-686\" src=\"http:\/\/www.atorgael.com\/le-mediko\/files\/2012\/09\/02230032-560x420.jpg\" alt=\"\" width=\"560\" height=\"420\" srcset=\"https:\/\/www.atorgael.com\/le-mediko\/files\/2012\/09\/02230032-560x420.jpg 560w, https:\/\/www.atorgael.com\/le-mediko\/files\/2012\/09\/02230032-300x225.jpg 300w, https:\/\/www.atorgael.com\/le-mediko\/files\/2012\/09\/02230032-100x75.jpg 100w, https:\/\/www.atorgael.com\/le-mediko\/files\/2012\/09\/02230032.jpg 1024w\" sizes=\"auto, (max-width: 560px) 100vw, 560px\" \/><\/a><\/p>\n<p style=\"text-align: center\"><em>Un fort de la voie ferr\u00e9e du Hedjaz, un peu au nord de M\u00e9dine : un petit air de TehVI quand m\u00eame!<br \/>\n(photo personnelle)<\/em><\/p>\n<p style=\"text-align: center\">***<\/p>\n<p style=\"text-align: justify\">La base de la ligne est donc constitu\u00e9e au d\u00e9part de deux bastions de la Garde Imp\u00e9riale construit pratiquement sans modification, \u00e0 l&rsquo;exception de quelques d\u00e9tails destin\u00e9s \u00e0 rendre modulaires les diff\u00e9rents niveaux et les armes, de mani\u00e8re \u00e0 pouvoir disposer des champs de bataille les plus vari\u00e9s possibles, soit pour \u00ab A<em>ssaut Plan\u00e9taire<\/em>\u00a0\u00bb, soit juste comme \u00e9l\u00e9ment utilisable dans n&rsquo;importe quelle partie d\u00e9sormais puisque la nouvelle \u00e9dition des r\u00e8gles leur fait une place \u00e0 part enti\u00e8re.<\/p>\n<p style=\"text-align: justify\"><a href=\"http:\/\/www.atorgael.com\/le-mediko\/paysages-de-tethvi-bunkers-et-bastions\/casemate12\/\" rel=\"attachment wp-att-687\"><img loading=\"lazy\" decoding=\"async\" class=\"aligncenter size-large wp-image-687\" src=\"http:\/\/www.atorgael.com\/le-mediko\/files\/2012\/09\/casemate12-560x444.jpg\" alt=\"\" width=\"560\" height=\"444\" srcset=\"https:\/\/www.atorgael.com\/le-mediko\/files\/2012\/09\/casemate12-560x444.jpg 560w, https:\/\/www.atorgael.com\/le-mediko\/files\/2012\/09\/casemate12-300x238.jpg 300w, https:\/\/www.atorgael.com\/le-mediko\/files\/2012\/09\/casemate12.jpg 600w\" sizes=\"auto, (max-width: 560px) 100vw, 560px\" \/><\/a><\/p>\n<p style=\"text-align: justify\">Le bastion le plus typique de la \u00ab\u00a0ligne des forts\u00a0\u00bb est donc l&rsquo;\u00e9l\u00e9ment de d\u00e9fense standard \u00e0 trois niveaux de la garde imp\u00e9riale, photographi\u00e9 ici dans sa variante de bunker de communication qui sert de base provisoire \u00e0 une colonne l\u00e9g\u00e8re du deuxi\u00e8me S\u00e9l\u00e9nia \u00e0 proximit\u00e9 de la vall\u00e9e des devins.<\/p>\n<p style=\"text-align: center\"><a href=\"http:\/\/www.atorgael.com\/le-mediko\/paysages-de-tethvi-bunkers-et-bastions\/casemate37\/\" rel=\"attachment wp-att-689\"><img loading=\"lazy\" decoding=\"async\" src=\"http:\/\/www.atorgael.com\/le-mediko\/files\/2012\/09\/casemate37-560x602.jpg\" alt=\"\" width=\"560\" height=\"602\" \/><\/a><a href=\"http:\/\/www.atorgael.com\/le-mediko\/paysages-de-tethvi-bunkers-et-bastions\/casemate38\/\" rel=\"attachment wp-att-688\"><br \/>\n<\/a><\/p>\n<p style=\"text-align: justify\">Mais le jeu de la modularit\u00e9 permet aussi de jouer sur de formes plus originales : ici le bastion standard est modifi\u00e9 par la suppression de l&rsquo;\u00e9l\u00e9ment haut, remplac\u00e9 par une dalle renforc\u00e9e de terre et de sable ce qui pr\u00e9sente l&rsquo;avantage de le rendre plus discret vu du ciel. Cette toiture peut \u00eatre am\u00e9nag\u00e9e pour recevoir une circulaire standard utilis\u00e9e pour porter soit des armes automatis\u00e9es classiques comme les laser Icarus, soit comme ici avec\u00a0l&rsquo;obusier d&rsquo;une tourelle de Leman Russ sur circulaire b\u00e9tonn\u00e9e, appuy\u00e9e par pas moins de quatre canons laser en poste fixe pour la protection antichar tous azimut. Les archives ne permettent pas de savoir si l&rsquo;installation des tourelles est d&rsquo;origine sur la ligne de d\u00e9fense, ou s&rsquo;il s&rsquo;agit d&rsquo;une modification de campagne effectu\u00e9e par le Deuxi\u00e8me S\u00e9l\u00e9nia sur certains ouvrages qu&rsquo;il occupe.<\/p>\n<div><\/div>\n<p style=\"text-align: center\"><a href=\"http:\/\/www.atorgael.com\/le-mediko\/paysages-de-tethvi-bunkers-et-bastions\/casemate35\/\" rel=\"attachment wp-att-690\"><img loading=\"lazy\" decoding=\"async\" src=\"http:\/\/www.atorgael.com\/le-mediko\/files\/2012\/09\/casemate35-560x536.jpg\" alt=\"\" width=\"560\" height=\"536\" \/><\/a><a href=\"http:\/\/www.atorgael.com\/le-mediko\/paysages-de-tethvi-bunkers-et-bastions\/casemate37\/\" rel=\"attachment wp-att-689\"><br \/>\n<\/a><\/p>\n<p style=\"text-align: justify\">Dans les secteurs particuli\u00e8rement d\u00e9fendus, les fortifications peuvent prendre une ampleur encore plus consid\u00e9rable, avec de v\u00e9ritables tours de d\u00e9fense h\u00e9riss\u00e9es d&rsquo;armes fixes. Ces ouvrages sont souvent pr\u00e9sents en plaine o\u00f9 la vuln\u00e9rabilit\u00e9 li\u00e9e au manque de discr\u00e9tion de ces bastions est plus que compens\u00e9e par le vaste champ d&rsquo;observation qu&rsquo;offre leur hauteur plus importante.<\/p>\n<p style=\"text-align: justify\"><a href=\"http:\/\/www.atorgael.com\/le-mediko\/paysages-de-tethvi-bunkers-et-bastions\/casemate10\/\" rel=\"attachment wp-att-691\"><img loading=\"lazy\" decoding=\"async\" class=\"aligncenter size-large wp-image-691\" src=\"http:\/\/www.atorgael.com\/le-mediko\/files\/2012\/09\/casemate10-560x558.jpg\" alt=\"\" width=\"560\" height=\"558\" srcset=\"https:\/\/www.atorgael.com\/le-mediko\/files\/2012\/09\/casemate10-560x558.jpg 560w, https:\/\/www.atorgael.com\/le-mediko\/files\/2012\/09\/casemate10-150x150.jpg 150w, https:\/\/www.atorgael.com\/le-mediko\/files\/2012\/09\/casemate10-300x300.jpg 300w, https:\/\/www.atorgael.com\/le-mediko\/files\/2012\/09\/casemate10.jpg 600w\" sizes=\"auto, (max-width: 560px) 100vw, 560px\" \/><\/a><\/p>\n<p style=\"text-align: justify\">Au-del\u00e0 des ces ouvrages classiques, la ligne des forts comporte un tr\u00e8s grand nombre de bastions secondaires, beaucoup plus discrets, qui sont souvent dispos\u00e9s en essaims autour des fortifications plus importantes pour les prot\u00e9ger et en couvrir les approches. Ne d\u00e9passant g\u00e9n\u00e9ralement pas un \u00e9tage, ces constructions sont aussi bien prot\u00e9g\u00e9es que leurs a\u00een\u00e9es et peuvent procurer un abri s\u00fbr \u00e0 de petites unit\u00e9s d&rsquo;infanterie de l&rsquo;ordre de l&rsquo;escouade.<\/p>\n<p style=\"text-align: center\"><a href=\"http:\/\/www.atorgael.com\/le-mediko\/paysages-de-tethvi-bunkers-et-bastions\/casemate44\/\" rel=\"attachment wp-att-725\"><img loading=\"lazy\" decoding=\"async\" class=\"aligncenter size-large wp-image-725\" src=\"http:\/\/www.atorgael.com\/le-mediko\/files\/2012\/10\/casemate44-560x451.jpg\" alt=\"\" width=\"560\" height=\"451\" srcset=\"https:\/\/www.atorgael.com\/le-mediko\/files\/2012\/10\/casemate44-560x451.jpg 560w, https:\/\/www.atorgael.com\/le-mediko\/files\/2012\/10\/casemate44-300x242.jpg 300w, https:\/\/www.atorgael.com\/le-mediko\/files\/2012\/10\/casemate44.jpg 600w\" sizes=\"auto, (max-width: 560px) 100vw, 560px\" \/><\/a><\/p>\n<p style=\"text-align: center\"><a href=\"http:\/\/www.atorgael.com\/le-mediko\/paysages-de-tethvi-bunkers-et-bastions\/casemate43\/\" rel=\"attachment wp-att-726\"><img loading=\"lazy\" decoding=\"async\" class=\"aligncenter size-large wp-image-726\" src=\"http:\/\/www.atorgael.com\/le-mediko\/files\/2012\/10\/casemate43-560x519.jpg\" alt=\"\" width=\"560\" height=\"519\" srcset=\"https:\/\/www.atorgael.com\/le-mediko\/files\/2012\/10\/casemate43-560x519.jpg 560w, https:\/\/www.atorgael.com\/le-mediko\/files\/2012\/10\/casemate43-300x278.jpg 300w, https:\/\/www.atorgael.com\/le-mediko\/files\/2012\/10\/casemate43.jpg 600w\" sizes=\"auto, (max-width: 560px) 100vw, 560px\" \/><\/a><\/p>\n<p style=\"text-align: justify\">Parfois ces constructions sont des avants-postes d\u00e9tach\u00e9s des fortifications principales pour fournir un appui feu de couverture, sur les entr\u00e9es des p\u00e9rim\u00e8tres par exemple, dans ce cas elles ne sont souvent accessibles que par un tunnel qui les relie directement aux ouvrages principaux, par contre leurs armes lourdes dispos\u00e9es pour un tir rasant sont particuli\u00e8rement redoutables.<\/p>\n<p style=\"text-align: center\"><a href=\"http:\/\/www.atorgael.com\/le-mediko\/paysages-de-tethvi-bunkers-et-bastions\/base-bunker02\/\" rel=\"attachment wp-att-727\"><img loading=\"lazy\" decoding=\"async\" class=\"aligncenter size-large wp-image-727\" src=\"http:\/\/www.atorgael.com\/le-mediko\/files\/2012\/10\/Base-bunker02-560x461.jpg\" alt=\"\" width=\"560\" height=\"461\" srcset=\"https:\/\/www.atorgael.com\/le-mediko\/files\/2012\/10\/Base-bunker02-560x461.jpg 560w, https:\/\/www.atorgael.com\/le-mediko\/files\/2012\/10\/Base-bunker02-300x247.jpg 300w, https:\/\/www.atorgael.com\/le-mediko\/files\/2012\/10\/Base-bunker02.jpg 600w\" sizes=\"auto, (max-width: 560px) 100vw, 560px\" \/><\/a><\/p>\n<p style=\"text-align: center\"><a href=\"http:\/\/www.atorgael.com\/le-mediko\/paysages-de-tethvi-bunkers-et-bastions\/base-bunker05\/\" rel=\"attachment wp-att-728\"><img loading=\"lazy\" decoding=\"async\" class=\"aligncenter size-large wp-image-728\" src=\"http:\/\/www.atorgael.com\/le-mediko\/files\/2012\/10\/Base-bunker05-560x369.jpg\" alt=\"\" width=\"560\" height=\"369\" srcset=\"https:\/\/www.atorgael.com\/le-mediko\/files\/2012\/10\/Base-bunker05-560x369.jpg 560w, https:\/\/www.atorgael.com\/le-mediko\/files\/2012\/10\/Base-bunker05-300x198.jpg 300w, https:\/\/www.atorgael.com\/le-mediko\/files\/2012\/10\/Base-bunker05.jpg 600w\" sizes=\"auto, (max-width: 560px) 100vw, 560px\" \/><\/a><\/p>\n<p style=\"text-align: justify\">On trouve de m\u00eame de tr\u00e8s nombreux am\u00e9nagement \u00e0 ciel ouvert form\u00e9s \u00e0 partir d&rsquo;\u00e9l\u00e9ments de ligne \u00ab\u00a0Aegis\u00a0\u00bb voire de couronnement de bastions. Certains de ces am\u00e9nagement peuvent prot\u00e9ger des armes automatis\u00e9es, mais le plus souvent il semble s&rsquo;agir de positions de couverture occup\u00e9es uniquement dans les p\u00e9riodes de combat.<\/p>\n<p style=\"text-align: justify\"><a href=\"http:\/\/www.atorgael.com\/le-mediko\/paysages-de-tethvi-bunkers-et-bastions\/casemate04\/\" rel=\"attachment wp-att-692\"><img loading=\"lazy\" decoding=\"async\" class=\"aligncenter size-large wp-image-692\" src=\"http:\/\/www.atorgael.com\/le-mediko\/files\/2012\/09\/casemate04-560x382.jpg\" alt=\"\" width=\"560\" height=\"382\" srcset=\"https:\/\/www.atorgael.com\/le-mediko\/files\/2012\/09\/casemate04-560x382.jpg 560w, https:\/\/www.atorgael.com\/le-mediko\/files\/2012\/09\/casemate04-300x205.jpg 300w, https:\/\/www.atorgael.com\/le-mediko\/files\/2012\/09\/casemate04.jpg 600w\" sizes=\"auto, (max-width: 560px) 100vw, 560px\" \/><\/a><\/p>\n<p style=\"text-align: justify\">D&rsquo;autres postes sont encore plus discrets : construits \u00e0 proximit\u00e9 des voies de passages et des pistes caravani\u00e8res, souvent sous la ligne de cr\u00eate d&rsquo;un escarpement secondaire, ces petites casemates forment des postes d&rsquo;observation id\u00e9aux pour quadriller le terrain en avant de la ligne principale. Leur faible hauteur et leur toit couvert de sable et de v\u00e9g\u00e9tation fait qu&rsquo;il se fondent tr\u00e8s vite dans le paysage et peuvent parfois \u00e9chapper aux regards les plus attentifs.<\/p>\n<p style=\"text-align: center\"><a href=\"http:\/\/www.atorgael.com\/le-mediko\/paysages-de-tethvi-bunkers-et-bastions\/bd_10\/\" rel=\"attachment wp-att-729\"><img loading=\"lazy\" decoding=\"async\" class=\"aligncenter size-large wp-image-729\" src=\"http:\/\/www.atorgael.com\/le-mediko\/files\/2012\/10\/BD_10-560x358.jpg\" alt=\"\" width=\"560\" height=\"358\" srcset=\"https:\/\/www.atorgael.com\/le-mediko\/files\/2012\/10\/BD_10-560x358.jpg 560w, https:\/\/www.atorgael.com\/le-mediko\/files\/2012\/10\/BD_10-300x192.jpg 300w, https:\/\/www.atorgael.com\/le-mediko\/files\/2012\/10\/BD_10.jpg 600w\" sizes=\"auto, (max-width: 560px) 100vw, 560px\" \/><\/a><\/p>\n<p style=\"text-align: justify\">Il est clair que ce rapide tour d&rsquo;horizon ne suffit pas \u00e0 d\u00e9crire l&rsquo;ensemble des ouvrages de la ligne des forts : il existe des ouvrages de soutien, de servitude, d&rsquo;appui qui peuvent se moduler plus ou moins \u00e0 partir des \u00e9l\u00e9ments existants, ou \u00eatre fabriqu\u00e9s ex nihilo&#8230; La ligne elle-m\u00eame a connu, et continue de conna\u00eetre des combats terribles si bien que la steppes est parsem\u00e9e aussi de vestiges broy\u00e9s qui sont les derniers t\u00e9moins des hommes qui s&rsquo;y sont battus et y ont laiss\u00e9 la vie&#8230;<\/p>\n<p style=\"text-align: center\">Leur histoire reste \u00e0 \u00e9crire.<\/p>\n<p style=\"text-align: center\">A suivre donc&#8230;<\/p>\n","protected":false},"excerpt":{"rendered":"<p>Parmi les nombreux vestiges qui nous parlent du pass\u00e9 troubl\u00e9 de TethVI, l&rsquo;un des plus spectaculaires (si l&rsquo;on excepte les fameuses \u00ab\u00a0portes\u00a0\u00bb est constitu\u00e9 par un vaste ouvrage d\u00e9fensif \u00e0 l&rsquo;abandon situ\u00e9 en plein d\u00e9sert \u00e0 environ huit cents kilom\u00e8tres au nord de Viridias. Nul ne sait quand ni pourquoi cette ceinture imposante a \u00e9t\u00e9 [&hellip;]<\/p>\n","protected":false},"author":30,"featured_media":0,"comment_status":"open","ping_status":"open","sticky":false,"template":"","format":"standard","meta":{"jetpack_post_was_ever_published":false,"_jetpack_newsletter_access":"","_jetpack_dont_email_post_to_subs":false,"_jetpack_newsletter_tier_id":0,"_jetpack_memberships_contains_paywalled_content":false,"_jetpack_memberships_contains_paid_content":false,"footnotes":""},"categories":[48],"tags":[49,50,52,5,8,51,33],"class_list":["post-685","post","type-post","status-publish","format-standard","hentry","category-terrains-et-decors","tag-bastion","tag-bunker","tag-decors","tag-garde-imperiale","tag-selenia","tag-terrain","tag-tethvi"],"views":4175,"jetpack_featured_media_url":"","jetpack_sharing_enabled":true,"_links":{"self":[{"href":"https:\/\/www.atorgael.com\/le-mediko\/wp-json\/wp\/v2\/posts\/685","targetHints":{"allow":["GET"]}}],"collection":[{"href":"https:\/\/www.atorgael.com\/le-mediko\/wp-json\/wp\/v2\/posts"}],"about":[{"href":"https:\/\/www.atorgael.com\/le-mediko\/wp-json\/wp\/v2\/types\/post"}],"author":[{"embeddable":true,"href":"https:\/\/www.atorgael.com\/le-mediko\/wp-json\/wp\/v2\/users\/30"}],"replies":[{"embeddable":true,"href":"https:\/\/www.atorgael.com\/le-mediko\/wp-json\/wp\/v2\/comments?post=685"}],"version-history":[{"count":0,"href":"https:\/\/www.atorgael.com\/le-mediko\/wp-json\/wp\/v2\/posts\/685\/revisions"}],"wp:attachment":[{"href":"https:\/\/www.atorgael.com\/le-mediko\/wp-json\/wp\/v2\/media?parent=685"}],"wp:term":[{"taxonomy":"category","embeddable":true,"href":"https:\/\/www.atorgael.com\/le-mediko\/wp-json\/wp\/v2\/categories?post=685"},{"taxonomy":"post_tag","embeddable":true,"href":"https:\/\/www.atorgael.com\/le-mediko\/wp-json\/wp\/v2\/tags?post=685"}],"curies":[{"name":"wp","href":"https:\/\/api.w.org\/{rel}","templated":true}]}}