{"id":1369,"date":"2016-07-25T19:55:24","date_gmt":"2016-07-25T17:55:24","guid":{"rendered":"http:\/\/www.atorgael.com\/le-mediko\/?p=1369"},"modified":"2016-08-02T20:33:18","modified_gmt":"2016-08-02T18:33:18","slug":"donner-du-volume-a-une-plateforme-skyshield","status":"publish","type":"post","link":"https:\/\/www.atorgael.com\/le-mediko\/donner-du-volume-a-une-plateforme-skyshield\/","title":{"rendered":"Donner du volume \u00e0 une plateforme Skyshield"},"content":{"rendered":"<p style=\"text-align: center\"><a href=\"http:\/\/www.atorgael.com\/le-mediko\/consortium-nevo-une-plateforme-skyshield\/sky13\/\" rel=\"attachment wp-att-1364\"><img loading=\"lazy\" decoding=\"async\" class=\"aligncenter size-large wp-image-1364\" src=\"http:\/\/www.atorgael.com\/le-mediko\/files\/2015\/01\/sky13-560x352.jpg\" alt=\"sky13\" width=\"560\" height=\"352\" srcset=\"https:\/\/www.atorgael.com\/le-mediko\/files\/2015\/01\/sky13-560x352.jpg 560w, https:\/\/www.atorgael.com\/le-mediko\/files\/2015\/01\/sky13-300x189.jpg 300w, https:\/\/www.atorgael.com\/le-mediko\/files\/2015\/01\/sky13.jpg 600w\" sizes=\"auto, (max-width: 560px) 100vw, 560px\" \/><\/a><\/p>\n<p style=\"text-align: justify\">La plateforme Skyshield fait partie d&rsquo;une s\u00e9rie de d\u00e9cors sortis avec l&rsquo;extension \u00ab\u00a0assauts plan\u00e9taires\u00a0\u00bb et j&rsquo;avais craqu\u00e9 \u00e0 l&rsquo;\u00e9poque (comme pour les bastions) parce que je trouve que l&rsquo;aspect g\u00e9n\u00e9ral en est plut\u00f4t agr\u00e9able, surtout parce que les mod\u00e8les \u00e9vitent la lourdeur baroque qui para\u00eet s&rsquo;\u00eatre impos\u00e9e ensuite avec la s\u00e9rie du mur des martyrs.<\/p>\n<p style=\"text-align: justify\">Du point de vue ludique, je dois dire que son emploi ne m&rsquo;enthousiasme pas, par contre du point de vue du maquettiste, elle permet des jeux int\u00e9ressants, mais pose quand m\u00eame un probl\u00e8me de r\u00e9alisme : m\u00eame en ayant une grande confiance dans la qualit\u00e9 des m\u00e9taux du 41\u00e8me mill\u00e9naire, l&rsquo;\u00e9paisseur de la plateforme est assez ridicule. L&rsquo;id\u00e9e sera donc de lui donner un peu de volume&#8230;<\/p>\n<p style=\"text-align: center\"><a href=\"http:\/\/www.atorgael.com\/le-mediko\/donner-du-volume-a-une-plateforme-skyshield\/sky07\/\" rel=\"attachment wp-att-1370\"><img loading=\"lazy\" decoding=\"async\" class=\"aligncenter size-large wp-image-1370\" src=\"http:\/\/www.atorgael.com\/le-mediko\/files\/2015\/01\/sky07-560x407.jpg\" alt=\"sky07\" width=\"560\" height=\"407\" srcset=\"https:\/\/www.atorgael.com\/le-mediko\/files\/2015\/01\/sky07-560x407.jpg 560w, https:\/\/www.atorgael.com\/le-mediko\/files\/2015\/01\/sky07-300x218.jpg 300w, https:\/\/www.atorgael.com\/le-mediko\/files\/2015\/01\/sky07.jpg 600w\" sizes=\"auto, (max-width: 560px) 100vw, 560px\" \/><\/a><\/p>\n<p style=\"text-align: justify\">Le travail n\u00e9cessaire est finalement simple, pour ne pas dire simpliste : j&rsquo;ai juste cr\u00e9e une structure sous les pi\u00e8ces principales avec des chutes de carte plastique pour donner l&rsquo;illusion d&rsquo;un caisson \u00e9pais.<\/p>\n<p style=\"text-align: center\"><a href=\"http:\/\/www.atorgael.com\/le-mediko\/donner-du-volume-a-une-plateforme-skyshield\/sky28\/\" rel=\"attachment wp-att-1371\"><img loading=\"lazy\" decoding=\"async\" class=\"aligncenter size-large wp-image-1371\" src=\"http:\/\/www.atorgael.com\/le-mediko\/files\/2015\/01\/sky28-560x447.jpg\" alt=\"sky28\" width=\"560\" height=\"447\" srcset=\"https:\/\/www.atorgael.com\/le-mediko\/files\/2015\/01\/sky28-560x447.jpg 560w, https:\/\/www.atorgael.com\/le-mediko\/files\/2015\/01\/sky28-300x240.jpg 300w, https:\/\/www.atorgael.com\/le-mediko\/files\/2015\/01\/sky28.jpg 600w\" sizes=\"auto, (max-width: 560px) 100vw, 560px\" \/><\/a><\/p>\n<p style=\"text-align: justify\">Ce caisson n&rsquo;a pas besoin d&rsquo;\u00eatre \u00e9pais, ni ferm\u00e9 en dessous puisque seul les faces ext\u00e9rieures restent finalement visibles. Sa forme et sa dimension ont \u00e9t\u00e9 d\u00e9termin\u00e9es par la gravure existante, et j&rsquo;ai juste prolong\u00e9 en triangle les pi\u00e8ces pour donner l&rsquo;illusion que tout cela se connecte aux piliers.<\/p>\n<p style=\"text-align: center\"><a href=\"http:\/\/www.atorgael.com\/le-mediko\/donner-du-volume-a-une-plateforme-skyshield\/sky27\/\" rel=\"attachment wp-att-1372\"><img loading=\"lazy\" decoding=\"async\" class=\"aligncenter size-large wp-image-1372\" src=\"http:\/\/www.atorgael.com\/le-mediko\/files\/2015\/01\/sky27-560x382.jpg\" alt=\"sky27\" width=\"560\" height=\"382\" srcset=\"https:\/\/www.atorgael.com\/le-mediko\/files\/2015\/01\/sky27-560x382.jpg 560w, https:\/\/www.atorgael.com\/le-mediko\/files\/2015\/01\/sky27-300x205.jpg 300w, https:\/\/www.atorgael.com\/le-mediko\/files\/2015\/01\/sky27.jpg 600w\" sizes=\"auto, (max-width: 560px) 100vw, 560px\" \/><\/a><\/p>\n<p style=\"text-align: justify\">Les faces externes sont d\u00e9cor\u00e9es avec des bandes de carte plastique et de gros \u00e9crous pour lier visuellement l&rsquo;ensemble au mod\u00e8le et donner un peu de texture. On peut naturellement imaginer tous les types de renforts ici selon la mani\u00e8re dont on imagine la structure.<\/p>\n<p style=\"text-align: justify\"><a href=\"http:\/\/www.atorgael.com\/le-mediko\/donner-du-volume-a-une-plateforme-skyshield\/base01-4\/\" rel=\"attachment wp-att-1384\"><img loading=\"lazy\" decoding=\"async\" class=\"aligncenter size-large wp-image-1384\" src=\"http:\/\/www.atorgael.com\/le-mediko\/files\/2015\/01\/base01-560x404.jpg\" alt=\"base01\" width=\"560\" height=\"404\" srcset=\"https:\/\/www.atorgael.com\/le-mediko\/files\/2015\/01\/base01-560x404.jpg 560w, https:\/\/www.atorgael.com\/le-mediko\/files\/2015\/01\/base01-300x217.jpg 300w, https:\/\/www.atorgael.com\/le-mediko\/files\/2015\/01\/base01.jpg 600w\" sizes=\"auto, (max-width: 560px) 100vw, 560px\" \/><\/a>La question de la structure inf\u00e9rieure a \u00e9t\u00e9 plus longue \u00e0 imaginer, parce que je voulais un truc modulaire capable se servir dans d&rsquo;autres circonstances. J&rsquo;ai donc r\u00e9cup\u00e9r\u00e9 de vieilles structures datant du fort de Gorkamorka, auxquelles ont \u00e9t\u00e9 ajout\u00e9es des panneaux venus de la boite du manufactorium.<\/p>\n<p style=\"text-align: center\"><a href=\"http:\/\/www.atorgael.com\/le-mediko\/donner-du-volume-a-une-plateforme-skyshield\/base03-2\/\" rel=\"attachment wp-att-1385\"><img loading=\"lazy\" decoding=\"async\" class=\"aligncenter size-large wp-image-1385\" src=\"http:\/\/www.atorgael.com\/le-mediko\/files\/2015\/02\/base03-560x487.jpg\" alt=\"base03\" width=\"560\" height=\"487\" srcset=\"https:\/\/www.atorgael.com\/le-mediko\/files\/2015\/02\/base03-560x487.jpg 560w, https:\/\/www.atorgael.com\/le-mediko\/files\/2015\/02\/base03-300x261.jpg 300w, https:\/\/www.atorgael.com\/le-mediko\/files\/2015\/02\/base03.jpg 600w\" sizes=\"auto, (max-width: 560px) 100vw, 560px\" \/><\/a><\/p>\n<p style=\"text-align: justify\">\u00a0Une paire de portes a \u00e9t\u00e9 ajout\u00e9e \u00e0 chaque extr\u00e9mit\u00e9 de cette structure, en prenant tout de m\u00eame soin de les abaisser de mani\u00e8re \u00e0 ce qu&rsquo;elles ne soient pas bloqu\u00e9es par la structure de la plateforme quand l&rsquo;ensemble est ins\u00e9r\u00e9 \u00e0 l&rsquo;int\u00e9rieur. L&rsquo;ensemble est r\u00e9alis\u00e9 en carte plastique et d\u00e9cor\u00e9 avec des rabios de symboles imp\u00e9riaux.<\/p>\n<p style=\"text-align: justify\"><a href=\"http:\/\/www.atorgael.com\/le-mediko\/donner-du-volume-a-une-plateforme-skyshield\/base04-2\/\" rel=\"attachment wp-att-1386\"><img loading=\"lazy\" decoding=\"async\" class=\"aligncenter size-large wp-image-1386\" src=\"http:\/\/www.atorgael.com\/le-mediko\/files\/2015\/02\/base04-560x413.jpg\" alt=\"base04\" width=\"560\" height=\"413\" srcset=\"https:\/\/www.atorgael.com\/le-mediko\/files\/2015\/02\/base04-560x413.jpg 560w, https:\/\/www.atorgael.com\/le-mediko\/files\/2015\/02\/base04-300x221.jpg 300w, https:\/\/www.atorgael.com\/le-mediko\/files\/2015\/02\/base04.jpg 600w\" sizes=\"auto, (max-width: 560px) 100vw, 560px\" \/><\/a><\/p>\n<p style=\"text-align: justify\">L&rsquo;ensemble se place naturellement sans colle sous la skyshield, le plus difficile \u00e9tant \u00e0 ce stade de ne pas trop se planter dans les dimensions!<\/p>\n<p style=\"text-align: center\"><a href=\"http:\/\/www.atorgael.com\/le-mediko\/donner-du-volume-a-une-plateforme-skyshield\/sky24\/\" rel=\"attachment wp-att-1387\"><img loading=\"lazy\" decoding=\"async\" class=\"aligncenter size-large wp-image-1387\" src=\"http:\/\/www.atorgael.com\/le-mediko\/files\/2015\/02\/sky24-560x411.jpg\" alt=\"sky24\" width=\"560\" height=\"411\" srcset=\"https:\/\/www.atorgael.com\/le-mediko\/files\/2015\/02\/sky24-560x411.jpg 560w, https:\/\/www.atorgael.com\/le-mediko\/files\/2015\/02\/sky24-300x220.jpg 300w, https:\/\/www.atorgael.com\/le-mediko\/files\/2015\/02\/sky24.jpg 600w\" sizes=\"auto, (max-width: 560px) 100vw, 560px\" \/><\/a><\/p>\n<p style=\"text-align: justify\">Comme cette base doit pouvoir servir \u00e0 d&rsquo;autres d\u00e9cors, je lui ai choisi une peinture \u00ab\u00a0civile\u00a0\u00bb : le jaune des \u00e9quipements du consortium Nevo, ce qui \u00e0 mes yeux a aussi l&rsquo;avantage de rehausser un peut une pi\u00e8ce qui n&rsquo;est pas forc\u00e9ment tr\u00e8s visible autrement!<\/p>\n<p style=\"text-align: center\"><a href=\"http:\/\/www.atorgael.com\/le-mediko\/donner-du-volume-a-une-plateforme-skyshield\/sky25\/\" rel=\"attachment wp-att-1388\"><img loading=\"lazy\" decoding=\"async\" class=\"aligncenter size-large wp-image-1388\" src=\"http:\/\/www.atorgael.com\/le-mediko\/files\/2015\/02\/sky25-560x540.jpg\" alt=\"sky25\" width=\"560\" height=\"540\" srcset=\"https:\/\/www.atorgael.com\/le-mediko\/files\/2015\/02\/sky25-560x540.jpg 560w, https:\/\/www.atorgael.com\/le-mediko\/files\/2015\/02\/sky25-300x290.jpg 300w, https:\/\/www.atorgael.com\/le-mediko\/files\/2015\/02\/sky25.jpg 600w\" sizes=\"auto, (max-width: 560px) 100vw, 560px\" \/><\/a><\/p>\n<p style=\"text-align: justify\">Il reste que le civil et le militaire ne sont jamais nettement s\u00e9par\u00e9s sur Teth et que incessant transits de troupes par les plateforme a laiss\u00e9 des traces que les techs et les officiers d&rsquo;entretien effacent syst\u00e9matiquement en maugr\u00e9ant, mais qui refleurissent toujours&#8230;<\/p>\n<p style=\"text-align: center\"><a href=\"http:\/\/www.atorgael.com\/le-mediko\/donner-du-volume-a-une-plateforme-skyshield\/sky26\/\" rel=\"attachment wp-att-1389\"><img loading=\"lazy\" decoding=\"async\" class=\"aligncenter size-large wp-image-1389\" src=\"http:\/\/www.atorgael.com\/le-mediko\/files\/2015\/02\/sky26-560x373.jpg\" alt=\"sky26\" width=\"560\" height=\"373\" srcset=\"https:\/\/www.atorgael.com\/le-mediko\/files\/2015\/02\/sky26-560x373.jpg 560w, https:\/\/www.atorgael.com\/le-mediko\/files\/2015\/02\/sky26-300x200.jpg 300w, https:\/\/www.atorgael.com\/le-mediko\/files\/2015\/02\/sky26.jpg 600w\" sizes=\"auto, (max-width: 560px) 100vw, 560px\" \/><\/a><\/p>\n<p style=\"text-align: center\"><a href=\"http:\/\/www.atorgael.com\/le-mediko\/donner-du-volume-a-une-plateforme-skyshield\/sky15\/\" rel=\"attachment wp-att-1471\"><img loading=\"lazy\" decoding=\"async\" class=\"aligncenter size-full wp-image-1471\" src=\"http:\/\/www.atorgael.com\/le-mediko\/files\/2016\/07\/sky15.jpg\" alt=\"sky15\" width=\"600\" height=\"394\" srcset=\"https:\/\/www.atorgael.com\/le-mediko\/files\/2016\/07\/sky15.jpg 600w, https:\/\/www.atorgael.com\/le-mediko\/files\/2016\/07\/sky15-300x197.jpg 300w, https:\/\/www.atorgael.com\/le-mediko\/files\/2016\/07\/sky15-560x368.jpg 560w\" sizes=\"auto, (max-width: 600px) 100vw, 600px\" \/><\/a><\/p>\n","protected":false},"excerpt":{"rendered":"<p>La plateforme Skyshield fait partie d&rsquo;une s\u00e9rie de d\u00e9cors sortis avec l&rsquo;extension \u00ab\u00a0assauts plan\u00e9taires\u00a0\u00bb et j&rsquo;avais craqu\u00e9 \u00e0 l&rsquo;\u00e9poque (comme pour les bastions) parce que je trouve que l&rsquo;aspect g\u00e9n\u00e9ral en est plut\u00f4t agr\u00e9able, surtout parce que les mod\u00e8les \u00e9vitent la lourdeur baroque qui para\u00eet s&rsquo;\u00eatre impos\u00e9e ensuite avec la s\u00e9rie du mur des martyrs. [&hellip;]<\/p>\n","protected":false},"author":30,"featured_media":1363,"comment_status":"open","ping_status":"open","sticky":false,"template":"","format":"standard","meta":{"jetpack_post_was_ever_published":false,"_jetpack_newsletter_access":"","_jetpack_dont_email_post_to_subs":false,"_jetpack_newsletter_tier_id":0,"_jetpack_memberships_contains_paywalled_content":false,"_jetpack_memberships_contains_paid_content":false,"footnotes":""},"categories":[48],"tags":[49,50,5,9,111,51,33,46,45],"class_list":["post-1369","post","type-post","status-publish","format-standard","has-post-thumbnail","hentry","category-terrains-et-decors","tag-bastion","tag-bunker","tag-garde-imperiale","tag-pas-a-pas","tag-plateforme-skyshield","tag-terrain","tag-tethvi","tag-valkyrie","tag-volant"],"views":4103,"jetpack_featured_media_url":"https:\/\/www.atorgael.com\/le-mediko\/files\/2015\/01\/sky14.jpg","jetpack_sharing_enabled":true,"_links":{"self":[{"href":"https:\/\/www.atorgael.com\/le-mediko\/wp-json\/wp\/v2\/posts\/1369","targetHints":{"allow":["GET"]}}],"collection":[{"href":"https:\/\/www.atorgael.com\/le-mediko\/wp-json\/wp\/v2\/posts"}],"about":[{"href":"https:\/\/www.atorgael.com\/le-mediko\/wp-json\/wp\/v2\/types\/post"}],"author":[{"embeddable":true,"href":"https:\/\/www.atorgael.com\/le-mediko\/wp-json\/wp\/v2\/users\/30"}],"replies":[{"embeddable":true,"href":"https:\/\/www.atorgael.com\/le-mediko\/wp-json\/wp\/v2\/comments?post=1369"}],"version-history":[{"count":0,"href":"https:\/\/www.atorgael.com\/le-mediko\/wp-json\/wp\/v2\/posts\/1369\/revisions"}],"wp:featuredmedia":[{"embeddable":true,"href":"https:\/\/www.atorgael.com\/le-mediko\/wp-json\/wp\/v2\/media\/1363"}],"wp:attachment":[{"href":"https:\/\/www.atorgael.com\/le-mediko\/wp-json\/wp\/v2\/media?parent=1369"}],"wp:term":[{"taxonomy":"category","embeddable":true,"href":"https:\/\/www.atorgael.com\/le-mediko\/wp-json\/wp\/v2\/categories?post=1369"},{"taxonomy":"post_tag","embeddable":true,"href":"https:\/\/www.atorgael.com\/le-mediko\/wp-json\/wp\/v2\/tags?post=1369"}],"curies":[{"name":"wp","href":"https:\/\/api.w.org\/{rel}","templated":true}]}}