{"id":1283,"date":"2015-02-26T16:35:07","date_gmt":"2015-02-26T15:35:07","guid":{"rendered":"http:\/\/www.atorgael.com\/le-mediko\/?p=1283"},"modified":"2015-08-22T12:37:37","modified_gmt":"2015-08-22T10:37:37","slug":"truk-ork-la-monture-des-acharniz","status":"publish","type":"post","link":"https:\/\/www.atorgael.com\/le-mediko\/truk-ork-la-monture-des-acharniz\/","title":{"rendered":"Truk ork : la monture des Acharniz"},"content":{"rendered":"<p style=\"text-align: center\"><a href=\"http:\/\/www.atorgael.com\/le-mediko\/truk-ork-la-monture-des-acharniz\/trukp49-2\/\" rel=\"attachment wp-att-1377\"><img loading=\"lazy\" decoding=\"async\" class=\"aligncenter size-large wp-image-1377\" src=\"http:\/\/www.atorgael.com\/le-mediko\/files\/2015\/02\/trukP49-560x370.jpg\" alt=\"trukP49\" width=\"560\" height=\"370\" srcset=\"https:\/\/www.atorgael.com\/le-mediko\/files\/2015\/02\/trukP49-560x370.jpg 560w, https:\/\/www.atorgael.com\/le-mediko\/files\/2015\/02\/trukP49-300x198.jpg 300w, https:\/\/www.atorgael.com\/le-mediko\/files\/2015\/02\/trukP49.jpg 600w\" sizes=\"auto, (max-width: 560px) 100vw, 560px\" \/><\/a><\/p>\n<p style=\"text-align: justify\">Le d\u00e9veloppement catastrophique de l&rsquo;infestation orko\u00efde sur TethVI para\u00eet \u00eatre li\u00e9 au d\u00e9veloppement de la guerre sur cette plan\u00e8te, comme si, sans que l&rsquo;on sache exactement pour quelle raison, cette esp\u00e8ce maudite puisait sa vitalit\u00e9 dans le fracas des combats.<\/p>\n<p style=\"text-align: justify\">Une cons\u00e9quence de cet \u00e9tat de fait est l&rsquo;apparition des orks dans des zones o\u00f9, de m\u00e9moire d&rsquo;hommes, on ne les avait jamais rencontr\u00e9s auparavant.<\/p>\n<p style=\"text-align: justify\">C&rsquo;est ainsi que dans les grandes steppes qui s&rsquo;\u00e9tendent aux pieds de la Barri\u00e8re Nord, sont apparues des tribus de pillards nomades qui sillonnent les \u00e9tendues d\u00e9sol\u00e9es en qu\u00eate de campements et d&rsquo;oasis isol\u00e9s. Leur mobilit\u00e9 les rend particuli\u00e8rement difficiles \u00e0 combattre et encore plus \u00e0 \u00e9radiquer, d&rsquo;autant que leurs raids sont souvent men\u00e9s sous le couvert des temp\u00eates de sable et poussi\u00e8re fr\u00e9quentes dans les p\u00e9riodes d&rsquo;\u00e9quinoxe.<\/p>\n<p style=\"text-align: justify\">Parmi ces groupes qui circulent \u00e0 bord de v\u00e9hicules h\u00e9t\u00e9roclites ou en chevauchant des motos, il en est certains qui ont une personnalit\u00e9 particuli\u00e8re qui les distingue m\u00eame des autres orks, ce sont les Acharniz.<\/p>\n<p style=\"text-align: center\"><a href=\"http:\/\/www.atorgael.com\/le-mediko\/truk-ork-la-monture-des-acharniz\/trukp21\/\" rel=\"attachment wp-att-1381\"><img loading=\"lazy\" decoding=\"async\" class=\"aligncenter size-large wp-image-1381\" src=\"http:\/\/www.atorgael.com\/le-mediko\/files\/2015\/02\/trukP21-560x439.jpg\" alt=\"trukP21\" width=\"560\" height=\"439\" srcset=\"https:\/\/www.atorgael.com\/le-mediko\/files\/2015\/02\/trukP21-560x439.jpg 560w, https:\/\/www.atorgael.com\/le-mediko\/files\/2015\/02\/trukP21-300x235.jpg 300w, https:\/\/www.atorgael.com\/le-mediko\/files\/2015\/02\/trukP21.jpg 600w\" sizes=\"auto, (max-width: 560px) 100vw, 560px\" \/><\/a><\/p>\n<p style=\"text-align: justify\">Nul ne sait exactement d&rsquo;o\u00f9 vient ce mot, ni ce qu&rsquo;il signifie dans les dialectes mouvants des orks, mais il est \u00e9vident que les bandes qui se r\u00e9clament de cette \u00ab\u00a0tribu\u00a0\u00bb pr\u00e9sentent des caract\u00e9ristiques comparables.<\/p>\n<p style=\"text-align: justify\">La plus visible est certainement le choix du rouge et du noir comme couleur de Klan. Les meilleurs sp\u00e9cialistes des coutumes des peaux vertes on sugg\u00e9r\u00e9 que cela pouvait provenir d&rsquo;une alliance de groupes adeptes des cultes de la vitesse avec des tribus plus traditionalistes, mais le fait n&rsquo;est pas av\u00e9r\u00e9 et il est possible que cela fasse plut\u00f4t \u00e9cho \u00e0 une attitude en relation avec les banni\u00e8res qu&rsquo;ils brandissent et qui proclame audacieusement : \u00ab\u00a0ni Gork, ni Mork!\u00a0\u00bb.<\/p>\n<p style=\"text-align: center\"><a href=\"http:\/\/www.atorgael.com\/le-mediko\/truk-ork-la-monture-des-acharniz\/trukp27\/\" rel=\"attachment wp-att-1382\"><img loading=\"lazy\" decoding=\"async\" class=\"aligncenter size-large wp-image-1382\" src=\"http:\/\/www.atorgael.com\/le-mediko\/files\/2015\/02\/trukP27-560x409.jpg\" alt=\"trukP27\" width=\"560\" height=\"409\" srcset=\"https:\/\/www.atorgael.com\/le-mediko\/files\/2015\/02\/trukP27-560x409.jpg 560w, https:\/\/www.atorgael.com\/le-mediko\/files\/2015\/02\/trukP27-300x219.jpg 300w, https:\/\/www.atorgael.com\/le-mediko\/files\/2015\/02\/trukP27.jpg 600w\" sizes=\"auto, (max-width: 560px) 100vw, 560px\" \/><\/a><\/p>\n<p style=\"text-align: justify\">Cette revendication \u00e9tonnante les place \u00e0 part dans les tribus orks et inspire d&rsquo;autant plus de m\u00e9fiance que ces Acharniz paraissent avoir une mentalit\u00e9 particuli\u00e8re chez les Peaux Vertes. S&rsquo;ils sont aussi violents que l&rsquo;ensemble de leurs cong\u00e9n\u00e8res, il paraissent beaucoup moins sensibles \u00e0 l&rsquo;influence des big boss et \u00e0 l&rsquo;esprit de la Waagh. Les clans acharniz rejoignent volontiers ces grands mouvements de destruction, mais ils le font toujours \u00e0 leur gr\u00e9, quitte parfois \u00e0 abandonner un combat qui ne les int\u00e9resse pas pour s&rsquo;en aller en livrer un autre ailleurs.<\/p>\n<p style=\"text-align: justify\">Cette mentalit\u00e9 tr\u00e8s sp\u00e9ciale suscite une r\u00e9elle m\u00e9fiance chez les autres orks, et les conduit \u00e0 vivre en g\u00e9n\u00e9ral \u00e0 l&rsquo;\u00e9cart des campements, comme les autres marginaux et \u00e0 ne se regrouper, de pr\u00e9f\u00e9rence entre acharniz, que le temps d&rsquo;une exp\u00e9dition avant de se disperser ensuite.<\/p>\n<p style=\"text-align: justify\">Ainsi ne conna\u00eet-on pas de Waagh Acharniz. M\u00eame si l&rsquo;on a pu observer des regroupements de plusieurs centaines de v\u00e9hicules, il sont toujours rest\u00e9s temporaires et l&rsquo;on ne conna\u00eet, l&rsquo;Empereur en soit remerci\u00e9, aucun v\u00e9ritable big boss Acharniz capable de f\u00e9d\u00e9rer durablement ses cong\u00e9n\u00e8res.<\/p>\n<p style=\"text-align: justify\">Car en d\u00e9finitive, les Acharniz sont avant tout des individualistes nomades qui vivent en permanence \u00e0 bord de leurs kamions, si bien que ces derniers sont assez diff\u00e9rents des v\u00e9hicules orks habituels qui ne sont la plupart du temps que des ch\u00e2ssis portant une plateforme ouverte.<\/p>\n<p style=\"text-align: center\"><a href=\"http:\/\/www.atorgael.com\/le-mediko\/truk-ork-la-monture-des-acharniz\/trukp41\/\" rel=\"attachment wp-att-1378\"><img loading=\"lazy\" decoding=\"async\" class=\"aligncenter size-large wp-image-1378\" src=\"http:\/\/www.atorgael.com\/le-mediko\/files\/2015\/02\/trukP41-560x408.jpg\" alt=\"trukP41\" width=\"560\" height=\"408\" srcset=\"https:\/\/www.atorgael.com\/le-mediko\/files\/2015\/02\/trukP41-560x408.jpg 560w, https:\/\/www.atorgael.com\/le-mediko\/files\/2015\/02\/trukP41-300x219.jpg 300w, https:\/\/www.atorgael.com\/le-mediko\/files\/2015\/02\/trukP41.jpg 600w\" sizes=\"auto, (max-width: 560px) 100vw, 560px\" \/><\/a><\/p>\n<p style=\"text-align: justify\">Les truks acharniz, au contraire, sont nettement plus \u00e9labor\u00e9s avec des carrossages complets comportant une cabine blind\u00e9e g\u00e9n\u00e9ralement ferm\u00e9e, mais aussi un caisse compl\u00e8te qui leur donne un curieux aspect de maison sur roue, avec sa porte, ses fen\u00eatres et m\u00eame des accessoires aussi incongrus que des tuyaux de chemin\u00e9e!<\/p>\n<div style=\"text-align: center\"><a href=\"http:\/\/www.atorgael.com\/le-mediko\/truk-ork-la-monture-des-acharniz\/trukp20\/\" rel=\"attachment wp-att-1379\"><img loading=\"lazy\" decoding=\"async\" class=\"aligncenter size-large wp-image-1379\" src=\"http:\/\/www.atorgael.com\/le-mediko\/files\/2015\/02\/trukP20-560x519.jpg\" alt=\"trukP20\" width=\"560\" height=\"519\" srcset=\"https:\/\/www.atorgael.com\/le-mediko\/files\/2015\/02\/trukP20-560x519.jpg 560w, https:\/\/www.atorgael.com\/le-mediko\/files\/2015\/02\/trukP20-300x278.jpg 300w, https:\/\/www.atorgael.com\/le-mediko\/files\/2015\/02\/trukP20.jpg 600w\" sizes=\"auto, (max-width: 560px) 100vw, 560px\" \/><\/a><\/div>\n<div style=\"text-align: justify\">Ordinairement chaque bande est li\u00e9e \u00e0 son kamion par un lien extr\u00eamement fort, plus fort m\u00eame que celui qui les attache \u00e0 leur boss! Tous rechignent \u00e0 s&rsquo;en \u00e9loigner plus que le temps d&rsquo;un combat ou d&rsquo;un pillage, ils consacrent leurs loisirs \u00e0 sont am\u00e9lioration un peu \u00e0 la mani\u00e8re des m\u00e9kanos et dorment toujours entass\u00e9s \u00e0 l&rsquo;int\u00e9rieur dans un remugle que l&rsquo;on imagine sans peine.<\/div>\n<div style=\"text-align: justify\"><\/div>\n<div style=\"text-align: justify\">Cela peut d&rsquo;ailleurs constituer un moyen efficace de les combattre : une bande d&rsquo;Acharniz dont le v\u00e9hicule a \u00e9t\u00e9 d\u00e9truit devient certes fr\u00e9n\u00e9tique et d&rsquo;autant plus dangereuse au combat, mais si les boyz ne parviennent pas rapidement \u00e0 se procurer une nouvelle monture, il n&rsquo;est pas rare qu&rsquo;elle se disperse et disparaisse.<\/div>\n<div style=\"text-align: justify\"><\/div>\n<div style=\"text-align: justify\">Ce \u00a0trait particulier explique d&rsquo;ailleurs que le rep\u00e9rage et la destruction des engins acharniz dans le d\u00e9sert soit devenue une mission prioritaire pour les Valkyries et les Gerfauts du II\u00e8me S\u00e9l\u00e9nia.<\/div>\n<div><\/div>\n<div style=\"text-align: center\"><a href=\"http:\/\/www.atorgael.com\/le-mediko\/truk-ork-la-monture-des-acharniz\/trukp46-2\/\" rel=\"attachment wp-att-1380\"><img loading=\"lazy\" decoding=\"async\" class=\"aligncenter size-large wp-image-1380\" src=\"http:\/\/www.atorgael.com\/le-mediko\/files\/2015\/02\/trukP46-560x455.jpg\" alt=\"trukP46\" width=\"560\" height=\"455\" srcset=\"https:\/\/www.atorgael.com\/le-mediko\/files\/2015\/02\/trukP46-560x455.jpg 560w, https:\/\/www.atorgael.com\/le-mediko\/files\/2015\/02\/trukP46-300x244.jpg 300w, https:\/\/www.atorgael.com\/le-mediko\/files\/2015\/02\/trukP46.jpg 600w\" sizes=\"auto, (max-width: 560px) 100vw, 560px\" \/><\/a><\/div>\n<div style=\"text-align: justify\">D&rsquo;autant que le Kamion des acharnitz, n&rsquo;est h\u00e9las pas qu&rsquo;un logement, c&rsquo;est aussi une arme de guerre redoutable! A l&rsquo;avant sont boulonn\u00e9es des sortes de cornes d&rsquo;acier qui servent \u00e0 enfoncer les portes des fortins ou \u00e0 \u00e9ventrer les palissades. Tandis que la boule d&rsquo;acier qui pend au bout d&rsquo;une cha\u00eene ach\u00e8ve ce travail de destruction, un poste de tir install\u00e9 au dessus de la cabine crache une pluie de projectile sur les occupants surpris.<\/div>\n<div style=\"text-align: justify\">L&rsquo;irruption d&rsquo;un ou de plusieurs de ces engins au coeur d&rsquo;une temp\u00eate de sable, suffit h\u00e9las le plus souvent pour d\u00e9sorganiser les habitants surpris, qui n&rsquo;en n&rsquo;ont que plus de difficult\u00e9s \u00e0 combattre les boyz\u00a0qui bondissent \u00e0 l&rsquo;assaut avant m\u00eame l&rsquo;arr\u00eat de leur machine.<\/div>\n<div style=\"text-align: justify\"><\/div>\n<div style=\"text-align: center\"><a href=\"http:\/\/www.atorgael.com\/le-mediko\/truk-ork-la-monture-des-acharniz\/trukp53\/\" rel=\"attachment wp-att-1376\"><img loading=\"lazy\" decoding=\"async\" class=\"aligncenter size-large wp-image-1376\" src=\"http:\/\/www.atorgael.com\/le-mediko\/files\/2015\/02\/trukP53-560x393.jpg\" alt=\"trukP53\" width=\"560\" height=\"393\" srcset=\"https:\/\/www.atorgael.com\/le-mediko\/files\/2015\/02\/trukP53-560x393.jpg 560w, https:\/\/www.atorgael.com\/le-mediko\/files\/2015\/02\/trukP53-300x211.jpg 300w, https:\/\/www.atorgael.com\/le-mediko\/files\/2015\/02\/trukP53.jpg 600w\" sizes=\"auto, (max-width: 560px) 100vw, 560px\" \/><\/a><\/div>\n<div style=\"text-align: center\"><\/div>\n<div style=\"text-align: center\"><a href=\"http:\/\/www.atorgael.com\/le-mediko\/truk-ork-la-monture-des-acharniz\/trukp37\/\" rel=\"attachment wp-att-1383\"><img loading=\"lazy\" decoding=\"async\" class=\"aligncenter size-large wp-image-1383\" src=\"http:\/\/www.atorgael.com\/le-mediko\/files\/2015\/02\/trukP37-560x332.jpg\" alt=\"trukP37\" width=\"560\" height=\"332\" srcset=\"https:\/\/www.atorgael.com\/le-mediko\/files\/2015\/02\/trukP37-560x332.jpg 560w, https:\/\/www.atorgael.com\/le-mediko\/files\/2015\/02\/trukP37-300x178.jpg 300w, https:\/\/www.atorgael.com\/le-mediko\/files\/2015\/02\/trukP37.jpg 600w\" sizes=\"auto, (max-width: 560px) 100vw, 560px\" \/><\/a><\/div>\n","protected":false},"excerpt":{"rendered":"<p>Le d\u00e9veloppement catastrophique de l&rsquo;infestation orko\u00efde sur TethVI para\u00eet \u00eatre li\u00e9 au d\u00e9veloppement de la guerre sur cette plan\u00e8te, comme si, sans que l&rsquo;on sache exactement pour quelle raison, cette esp\u00e8ce maudite puisait sa vitalit\u00e9 dans le fracas des combats. Une cons\u00e9quence de cet \u00e9tat de fait est l&rsquo;apparition des orks dans des zones o\u00f9, [&hellip;]<\/p>\n","protected":false},"author":30,"featured_media":0,"comment_status":"open","ping_status":"open","sticky":false,"template":"","format":"standard","meta":{"jetpack_post_was_ever_published":false,"_jetpack_newsletter_access":"","_jetpack_dont_email_post_to_subs":false,"_jetpack_newsletter_tier_id":0,"_jetpack_memberships_contains_paywalled_content":false,"_jetpack_memberships_contains_paid_content":false,"footnotes":""},"categories":[11],"tags":[110,30,18,109,39,8,33,99],"class_list":["post-1283","post","type-post","status-publish","format-standard","hentry","category-waagh","tag-acharnist","tag-camion","tag-infanterie","tag-kamion","tag-orks","tag-selenia","tag-tethvi","tag-transport"],"views":4830,"jetpack_featured_media_url":"","jetpack_sharing_enabled":true,"_links":{"self":[{"href":"https:\/\/www.atorgael.com\/le-mediko\/wp-json\/wp\/v2\/posts\/1283","targetHints":{"allow":["GET"]}}],"collection":[{"href":"https:\/\/www.atorgael.com\/le-mediko\/wp-json\/wp\/v2\/posts"}],"about":[{"href":"https:\/\/www.atorgael.com\/le-mediko\/wp-json\/wp\/v2\/types\/post"}],"author":[{"embeddable":true,"href":"https:\/\/www.atorgael.com\/le-mediko\/wp-json\/wp\/v2\/users\/30"}],"replies":[{"embeddable":true,"href":"https:\/\/www.atorgael.com\/le-mediko\/wp-json\/wp\/v2\/comments?post=1283"}],"version-history":[{"count":0,"href":"https:\/\/www.atorgael.com\/le-mediko\/wp-json\/wp\/v2\/posts\/1283\/revisions"}],"wp:attachment":[{"href":"https:\/\/www.atorgael.com\/le-mediko\/wp-json\/wp\/v2\/media?parent=1283"}],"wp:term":[{"taxonomy":"category","embeddable":true,"href":"https:\/\/www.atorgael.com\/le-mediko\/wp-json\/wp\/v2\/categories?post=1283"},{"taxonomy":"post_tag","embeddable":true,"href":"https:\/\/www.atorgael.com\/le-mediko\/wp-json\/wp\/v2\/tags?post=1283"}],"curies":[{"name":"wp","href":"https:\/\/api.w.org\/{rel}","templated":true}]}}