{"id":7384,"date":"2013-02-26T14:00:16","date_gmt":"2013-02-26T13:00:16","guid":{"rendered":"http:\/\/www.atorgael.com\/?p=7384"},"modified":"2013-09-07T18:55:01","modified_gmt":"2013-09-07T16:55:01","slug":"un-presque-tour-dafrique","status":"publish","type":"post","link":"https:\/\/www.atorgael.com\/?p=7384","title":{"rendered":"Un presque tour d&rsquo;Afrique"},"content":{"rendered":"<p><em>1\u00e8re mise en ligne le 26\/09\/2012<\/em><\/p>\n<p>Petit rafraichissement des m\u00e9moires avec cet article.<\/p>\n<p>Le \u00ab\u00a0Carnet d&rsquo;Afriques\u00a0\u00bb n&rsquo;est plus disponible, tout a \u00e9t\u00e9 vendu. Mais bonne nouvelle, une seconde souscription est ouverte pour qui veut en acqu\u00e9rir un exemplaire.<\/p>\n<p>Pour l&rsquo;avoir lu, je peux vous dire que c&rsquo;est juste magnifique et que si l&rsquo;aventure vous int\u00e9resse, ce livre ne vous laissera pas insensible aux paysage, aux dessins et aux rencontres que Claire et J\u00e9r\u00e9mie ont pu faire pendant ce presque tour d&rsquo;Afrique.<\/p>\n<p>Alors n&rsquo;h\u00e9sitez plus, si vous avez un cadeau \u00e0 faire, des envie de d\u00e9couverte, souscrivez !<\/p>\n<p>Tout est expliqu\u00e9 sur <a href=\"http:\/\/voyage.jeremiebt.com\/30\/souscription\/\" target=\"_blank\">leur site de voyage<\/a>.<\/p>\n<hr \/>\n<p>Je vous en parlais en juin dernier, Claire et J\u00e9r\u00e9mie \u00e9taient partis le 11 aout 2010 pour faire un petit tour d&rsquo;Afrique avec dans leur bagages des blocs de dessins et des instruments de musiques et rentr\u00e9s le 26 mai dernier. Si, si souvenez-vous en, c&rsquo;\u00e9tait dans <a title=\"Ils l\u2019ont fait !\" href=\"http:\/\/www.atorgael.com\/?p=7272\">cet article<\/a>.<\/p>\n<p><img data-recalc-dims=\"1\" loading=\"lazy\" decoding=\"async\" data-attachment-id=\"7284\" data-permalink=\"https:\/\/www.atorgael.com\/?attachment_id=7284\" data-orig-file=\"https:\/\/i0.wp.com\/www.atorgael.com\/wp-content\/uploads\/2012\/06\/cetj01.jpg?fit=790%2C529&amp;ssl=1\" data-orig-size=\"790,529\" data-comments-opened=\"0\" data-image-meta=\"{&quot;aperture&quot;:&quot;0&quot;,&quot;credit&quot;:&quot;&quot;,&quot;camera&quot;:&quot;&quot;,&quot;caption&quot;:&quot;&quot;,&quot;created_timestamp&quot;:&quot;0&quot;,&quot;copyright&quot;:&quot;&quot;,&quot;focal_length&quot;:&quot;0&quot;,&quot;iso&quot;:&quot;0&quot;,&quot;shutter_speed&quot;:&quot;0&quot;,&quot;title&quot;:&quot;&quot;}\" data-image-title=\"cetj01\" data-image-description=\"\" data-image-caption=\"\" data-medium-file=\"https:\/\/i0.wp.com\/www.atorgael.com\/wp-content\/uploads\/2012\/06\/cetj01.jpg?fit=300%2C200&amp;ssl=1\" data-large-file=\"https:\/\/i0.wp.com\/www.atorgael.com\/wp-content\/uploads\/2012\/06\/cetj01.jpg?fit=620%2C415&amp;ssl=1\" class=\"aligncenter size-large wp-image-7284\" title=\"cetj01\" alt=\"\" src=\"https:\/\/i0.wp.com\/www.atorgael.com\/wp-content\/uploads\/2012\/06\/cetj01.jpg?resize=620%2C415\" width=\"620\" height=\"415\" srcset=\"https:\/\/i0.wp.com\/www.atorgael.com\/wp-content\/uploads\/2012\/06\/cetj01.jpg?resize=620%2C415&amp;ssl=1 620w, https:\/\/i0.wp.com\/www.atorgael.com\/wp-content\/uploads\/2012\/06\/cetj01.jpg?resize=300%2C200&amp;ssl=1 300w, https:\/\/i0.wp.com\/www.atorgael.com\/wp-content\/uploads\/2012\/06\/cetj01.jpg?w=790&amp;ssl=1 790w\" sizes=\"auto, (max-width: 620px) 100vw, 620px\" \/><\/p>\n<p>Aujourd&rsquo;hui, ils vous proposent de red\u00e9couvrir leurs parcours africains sur leurs v\u00e9lo \u00e0 travers un livre qui s&rsquo;annonce superbe. Ils vont ainsi vous raconter cette aventure en photos, aquarelles et commentaires \u00e9clair\u00e9s, impertinents ou amusants.<\/p>\n<p>Mais \u00e9diter un livre sans passer par des maisons d&rsquo;\u00e9dition p\u00e9nibles quant au produit fini, \u00e7a co\u00fbte cher et Claire et J\u00e9r\u00e9mie ouvrent donc une souscription pour tous ceux motiv\u00e9s, int\u00e9ress\u00e9s ou juste curieux pour acqu\u00e9rir ce bien beau livre. Jugez plut\u00f4t de la b\u00eate :<\/p>\n<ul>\n<li>1,2 kilos de souvenirs, 176 pages couleurs, imprim\u00e9 sur du papier \u00e9pais 140 g (pour rendre au mieux le grain du papier aquarelle)<\/li>\n<li>Couverture rigide<\/li>\n<li>Format \u00ab horizontal \u00bb pour conserver le format des aquarelles originales.<\/li>\n<li>Et\u2026 un CD, cr\u00e9ation sonore des enregistrements r\u00e9alis\u00e9s par Claire.<\/li>\n<\/ul>\n<p>Comment faire ? Simplement en envoyant le bon de souscription ci-dessous (ou en recopiant sur une feuille toute simple les informations demand\u00e9es) accompagn\u00e9 d&rsquo;un ch\u00e8que de 30, 35 ou 40\u20ac. Pas compliqu\u00e9 !<\/p>\n<p style=\"text-align: center;\"><a href=\"https:\/\/i0.wp.com\/www.atorgael.com\/wp-content\/uploads\/2012\/09\/Bon_Souscription_V1_Rendu-800.jpg\" target=\"_blank\"><img data-recalc-dims=\"1\" loading=\"lazy\" decoding=\"async\" data-attachment-id=\"7386\" data-permalink=\"https:\/\/www.atorgael.com\/?attachment_id=7386\" data-orig-file=\"https:\/\/i0.wp.com\/www.atorgael.com\/wp-content\/uploads\/2012\/09\/Bon_Souscription_V1_Rendu-800.jpg?fit=800%2C566&amp;ssl=1\" data-orig-size=\"800,566\" data-comments-opened=\"0\" data-image-meta=\"{&quot;aperture&quot;:&quot;0&quot;,&quot;credit&quot;:&quot;&quot;,&quot;camera&quot;:&quot;&quot;,&quot;caption&quot;:&quot;&quot;,&quot;created_timestamp&quot;:&quot;0&quot;,&quot;copyright&quot;:&quot;&quot;,&quot;focal_length&quot;:&quot;0&quot;,&quot;iso&quot;:&quot;0&quot;,&quot;shutter_speed&quot;:&quot;0&quot;,&quot;title&quot;:&quot;&quot;}\" data-image-title=\"Bon_Souscription_V1_Rendu-800\" data-image-description=\"\" data-image-caption=\"\" data-medium-file=\"https:\/\/i0.wp.com\/www.atorgael.com\/wp-content\/uploads\/2012\/09\/Bon_Souscription_V1_Rendu-800.jpg?fit=300%2C212&amp;ssl=1\" data-large-file=\"https:\/\/i0.wp.com\/www.atorgael.com\/wp-content\/uploads\/2012\/09\/Bon_Souscription_V1_Rendu-800.jpg?fit=620%2C438&amp;ssl=1\" class=\"aligncenter size-medium wp-image-7386\" title=\"Bon_Souscription_V1_Rendu-800\" alt=\"\" src=\"https:\/\/i0.wp.com\/www.atorgael.com\/wp-content\/uploads\/2012\/09\/Bon_Souscription_V1_Rendu-800.jpg?resize=300%2C212\" width=\"300\" height=\"212\" srcset=\"https:\/\/i0.wp.com\/www.atorgael.com\/wp-content\/uploads\/2012\/09\/Bon_Souscription_V1_Rendu-800.jpg?resize=300%2C212&amp;ssl=1 300w, https:\/\/i0.wp.com\/www.atorgael.com\/wp-content\/uploads\/2012\/09\/Bon_Souscription_V1_Rendu-800.jpg?resize=620%2C438&amp;ssl=1 620w, https:\/\/i0.wp.com\/www.atorgael.com\/wp-content\/uploads\/2012\/09\/Bon_Souscription_V1_Rendu-800.jpg?w=800&amp;ssl=1 800w\" sizes=\"auto, (max-width: 300px) 100vw, 300px\" \/><\/a><\/p>\n<p>D\u00e9couvrez les images des couvertures ainsi que quelques dessins et photos que contiendra ce livre <a href=\"http:\/\/voyage.jeremiebt.com\/00\/le-carnet-de-voyage-enfin-en-souscription\/\" target=\"_blank\">sur leur site<\/a>.<\/p>\n","protected":false},"excerpt":{"rendered":"<p><em>1\u00e8re mise en ligne le 26\/09\/2012<\/em><\/p>\n<p>Petit rafraichissement des m\u00e9moires avec cet article.<\/p>\n<p>Le \u00ab\u00a0Carnet d&rsquo;Afriques\u00a0\u00bb n&rsquo;est plus disponible, tout a \u00e9t\u00e9 vendu. Mais bonne nouvelle, une seconde souscription est ouverte pour qui veut en acqu\u00e9rir un exemplaire.<\/p>\n<p>Pour l&rsquo;avoir lu, je peux <a rel=\"nofollow\" href=\"https:\/\/www.atorgael.com\/?p=7384\">... [Lire la suite]<\/a>","protected":false},"author":2,"featured_media":0,"comment_status":"open","ping_status":"open","sticky":false,"template":"","format":"standard","meta":{"jetpack_post_was_ever_published":false,"_jetpack_newsletter_access":"","_jetpack_dont_email_post_to_subs":false,"_jetpack_newsletter_tier_id":0,"_jetpack_memberships_contains_paywalled_content":false,"_jetpack_memberships_contains_paid_content":false,"footnotes":""},"categories":[1],"tags":[9,315],"class_list":["post-7384","post","type-post","status-publish","format-standard","hentry","category-blog","tag-actualite","tag-voyage"],"views":2984,"jetpack_featured_media_url":"","jetpack_likes_enabled":true,"jetpack_sharing_enabled":true,"_links":{"self":[{"href":"https:\/\/www.atorgael.com\/index.php?rest_route=\/wp\/v2\/posts\/7384","targetHints":{"allow":["GET"]}}],"collection":[{"href":"https:\/\/www.atorgael.com\/index.php?rest_route=\/wp\/v2\/posts"}],"about":[{"href":"https:\/\/www.atorgael.com\/index.php?rest_route=\/wp\/v2\/types\/post"}],"author":[{"embeddable":true,"href":"https:\/\/www.atorgael.com\/index.php?rest_route=\/wp\/v2\/users\/2"}],"replies":[{"embeddable":true,"href":"https:\/\/www.atorgael.com\/index.php?rest_route=%2Fwp%2Fv2%2Fcomments&post=7384"}],"version-history":[{"count":0,"href":"https:\/\/www.atorgael.com\/index.php?rest_route=\/wp\/v2\/posts\/7384\/revisions"}],"wp:attachment":[{"href":"https:\/\/www.atorgael.com\/index.php?rest_route=%2Fwp%2Fv2%2Fmedia&parent=7384"}],"wp:term":[{"taxonomy":"category","embeddable":true,"href":"https:\/\/www.atorgael.com\/index.php?rest_route=%2Fwp%2Fv2%2Fcategories&post=7384"},{"taxonomy":"post_tag","embeddable":true,"href":"https:\/\/www.atorgael.com\/index.php?rest_route=%2Fwp%2Fv2%2Ftags&post=7384"}],"curies":[{"name":"wp","href":"https:\/\/api.w.org\/{rel}","templated":true}]}}