{"id":7193,"date":"2012-05-25T09:00:00","date_gmt":"2012-05-25T07:00:00","guid":{"rendered":"http:\/\/www.atorgael.com\/?p=7193"},"modified":"2013-07-23T10:08:49","modified_gmt":"2013-07-23T08:08:49","slug":"gaunt11","status":"publish","type":"post","link":"https:\/\/www.atorgael.com\/?p=7193","title":{"rendered":"Seule la Mort"},"content":{"rendered":"<p><em>Compl\u00e9ment \u00e0 l&rsquo;article publi\u00e9 le 9 mai 2012<\/em><\/p>\n<p><strong><span class=\"thickbox\"><img data-recalc-dims=\"1\" decoding=\"async\" class=\"ngg-singlepic ngg-left\" alt=\"gaunt\" src=\"https:\/\/i0.wp.com\/www.atorgael.com\/wp-content\/gallery\/fiche-wh40k\/thumbs\/thumbs_gaunt.jpg?w=650\" \/><\/span>Les Fant\u00f4mes de Gaunt<br \/>\n<\/strong>Dans le syst\u00e8me d\u00e9chir\u00e9 par la guerre des Mondes de Sabbat, les Fant\u00f4mes luttent une fois de plus pour leur survie.<\/p>\n<p>Alors que la croisade pour lib\u00e9rer les Mondes de Sabbat continue, le Premier et Unique de Tanith est envoy\u00e9 en mission sur le monde forteresse de Jago.<\/p>\n<p>Alors que les assauts des forces du Chaos gagnent en intensit\u00e9, Gaunt et ses hommes devront \u00e9galement faire face aux fant\u00f4mes de leur pass\u00e9&#8230;<\/p>\n<p>Seule la mort met fin au devoir..<\/p>\n<hr \/>\n<pre><strong>Seule la Mort<\/strong>\r\nAuteur : Dan abnett\r\n\u00c9diteur : Black Library (avril 2012)\r\nInt\u00e9r\u00eat dans l'univers : <span class=\"rating\"><span>?<\/span><span>?<\/span><span>?<\/span><span>?<\/span><span>?<\/span><\/span><\/pre>\n<hr \/>\n<h3>Commentaire de Rendar<\/h3>\n<span class=\"rating\"><span>?<\/span><span>?<\/span><span>?<\/span><span>?<\/span><span>?<\/span><\/span>\n<p>Envoy\u00e9s sur une plan\u00e8te d\u00e9sol\u00e9e et couverte de poussi\u00e8re, Gaunt et ses Fant\u00f4mes se voient confier la garde d\u2019une position fortifi\u00e9e tr\u00e8s isol\u00e9e.<\/p>\n<p>Mais au-del\u00e0 de la menace que repr\u00e9sente une attaque du pacte du sang, d\u00e8s leur arriv\u00e9e dans la forteresse, d\u2019\u00e9tranges ph\u00e9nom\u00e8nes surviennent\u2026 Hallucinations visuelles et auditives, pi\u00e8ces ne figurant sur aucune carte, sentiment de d\u00e9sespoir ressenti par tous, les fant\u00f4mes ne tardent pas \u00e0 parler d\u2019un lieu hant\u00e9.<\/p>\n<p>C\u2019est dans cet endroit d\u00e9sol\u00e9 que les vaillants soldats imp\u00e9riaux devront peut-\u00eatre tenir le dernier carr\u00e9 de leur r\u00e9giment devant un ennemi bien sup\u00e9rieur en nombre et sans aucun espoir de renforts. Est-ce la fin des Fant\u00f4mes ?<\/p>\n<p>Voici donc le retour des fant\u00f4mes. Et quel retour !!!<\/p>\n<p>Le d\u00e9but est assez sp\u00e9cial, je me suis demand\u00e9 si l\u2019auteur n\u2019essayait pas un nouveau genre de r\u00e9cit mais tr\u00e8s vite, on retrouve nos fant\u00f4mes comme on les aime. Gaunt, Larkin, Rawne, Dorden, Dalin et les autres\u00a0 sont \u00e0 nouveau mis en sc\u00e8ne de main de ma\u00eetre dans un huis-clos pesant et sanglant que j\u2019ai d\u00e9vor\u00e9.<\/p>\n<p>Tr\u00e8s bonne histoire, tr\u00e8s bon style, pas grand-chose \u00e0 redire de ce tome qui est pour moi l\u2019un des meilleurs (Voir le meilleur) de la s\u00e9rie.<\/p>\n<p><strong>Commentaires d&rsquo;Atorgael<\/strong><\/p>\n<span class=\"rating\"><span>?<\/span><span>?<\/span><span>?<\/span><span>?<\/span><span>?<\/span><\/span>\n<p>C&rsquo;est juste \u00e9norme, c&rsquo;est effectivement un des meilleur de la s\u00e9rie, mais gr\u00e2ce \u00e0 tous les autres livres pr\u00e9c\u00e9dents.<\/p>\n<p>Les rappels incessants des anciens fant\u00f4mes et la justification est vraiment bien trouv\u00e9e, je n&rsquo;ai compris qu&rsquo;\u00e0 la toute fin, juste apr\u00e8s que le commissaire ait saut\u00e9 du Salamender.<\/p>\n<p>De grands moments de bravoure et d\u2019h\u00e9ro\u00efsme dans ce livre o\u00f9 une fois encore le r\u00e9giment est confront\u00e9 \u00e0 une force bien sup\u00e9rieure en nombre. Alors \u00e9videmment on se doute qu&rsquo;ils vont s&rsquo;en sortir, mais dans quel \u00e9tat et qui sera l\u00e0 au prochain opus ? La question se pr\u00e9cise tout au long du livre.<\/p>\n<p>Pour les fans de la s\u00e9rie, c&rsquo;est un incontournable tellement c&rsquo;est bon de retrouver les fant\u00f4mes de Tanith, pour les autres, c&rsquo;est aussi \u00e0 lire.<\/p>\n<p>Par contre le prochain est annonc\u00e9 pour avril 2013, c&rsquo;est long !<\/p>\n","protected":false},"excerpt":{"rendered":"<p><em>Compl\u00e9ment \u00e0 l&rsquo;article publi\u00e9 le 9 mai 2012<\/em><\/p>\n<p><strong>Les Fant\u00f4mes de Gaunt\n<\/strong>Dans le syst\u00e8me d\u00e9chir\u00e9 par la guerre des Mondes de Sabbat, les Fant\u00f4mes luttent une fois de plus pour leur survie.<\/p>\n<p>Alors que la croisade pour lib\u00e9rer les Mondes de Sabbat <a rel=\"nofollow\" href=\"https:\/\/www.atorgael.com\/?p=7193\">... [Lire la suite]<\/a>","protected":false},"author":4,"featured_media":0,"comment_status":"open","ping_status":"closed","sticky":false,"template":"","format":"standard","meta":{"jetpack_post_was_ever_published":false,"_jetpack_newsletter_access":"","_jetpack_dont_email_post_to_subs":false,"_jetpack_newsletter_tier_id":0,"_jetpack_memberships_contains_paywalled_content":false,"_jetpack_memberships_contains_paid_content":false,"footnotes":""},"categories":[6],"tags":[134,165,73,177,111],"class_list":["post-7193","post","type-post","status-publish","format-standard","hentry","category-decouvrir","tag-abnett","tag-garde-imperiale","tag-livre","tag-tanith","tag-warhammer-40-000"],"views":3118,"jetpack_featured_media_url":"","jetpack_likes_enabled":true,"jetpack_sharing_enabled":true,"_links":{"self":[{"href":"https:\/\/www.atorgael.com\/index.php?rest_route=\/wp\/v2\/posts\/7193","targetHints":{"allow":["GET"]}}],"collection":[{"href":"https:\/\/www.atorgael.com\/index.php?rest_route=\/wp\/v2\/posts"}],"about":[{"href":"https:\/\/www.atorgael.com\/index.php?rest_route=\/wp\/v2\/types\/post"}],"author":[{"embeddable":true,"href":"https:\/\/www.atorgael.com\/index.php?rest_route=\/wp\/v2\/users\/4"}],"replies":[{"embeddable":true,"href":"https:\/\/www.atorgael.com\/index.php?rest_route=%2Fwp%2Fv2%2Fcomments&post=7193"}],"version-history":[{"count":0,"href":"https:\/\/www.atorgael.com\/index.php?rest_route=\/wp\/v2\/posts\/7193\/revisions"}],"wp:attachment":[{"href":"https:\/\/www.atorgael.com\/index.php?rest_route=%2Fwp%2Fv2%2Fmedia&parent=7193"}],"wp:term":[{"taxonomy":"category","embeddable":true,"href":"https:\/\/www.atorgael.com\/index.php?rest_route=%2Fwp%2Fv2%2Fcategories&post=7193"},{"taxonomy":"post_tag","embeddable":true,"href":"https:\/\/www.atorgael.com\/index.php?rest_route=%2Fwp%2Fv2%2Ftags&post=7193"}],"curies":[{"name":"wp","href":"https:\/\/api.w.org\/{rel}","templated":true}]}}