{"id":4073,"date":"2011-02-21T22:00:19","date_gmt":"2011-02-21T21:00:19","guid":{"rendered":"http:\/\/battle.atorgael.com\/?p=4073"},"modified":"2013-07-23T10:21:16","modified_gmt":"2013-07-23T08:21:16","slug":"arlis-forain","status":"publish","type":"post","link":"https:\/\/www.atorgael.com\/?p=4073","title":{"rendered":"Arlis des forains"},"content":{"rendered":"<p><span class=\"thickbox\"><img data-recalc-dims=\"1\" decoding=\"async\" class=\"ngg-singlepic ngg-left\" alt=\"arlisforain\" src=\"https:\/\/i0.wp.com\/www.atorgael.com\/wp-content\/gallery\/fiche-fantastique\/thumbs\/thumbs_arlisforain.jpg?w=650\" \/><\/span><em>Compl\u00e9ments \u00e0 l&rsquo;article publi\u00e9 le 9 f\u00e9vrier 2011<\/em><\/p>\n<p>Arlis est orphelin. Il a \u00e9t\u00e9 recueilli par Emmett et Lindy, des forains. Entour\u00e9, entre autres, de Jared, le cul-de-jatte, et de Katrina, la fille aux serpents, il vit une enfance singuli\u00e8re, mais heureuse, sur les routes qui le m\u00e8nent de ville en ville. L&rsquo;arriv\u00e9e des forains \u00e0 Bailey Creek ne passe pas inaper\u00e7ue et, comme souvent, Arlis est le centre d&rsquo;int\u00e9r\u00eat de tous les enfants de la ville. Et plus particuli\u00e8rement de Faith, la fille du pasteur. Elle fera d\u00e9couvrir \u00e0 Arlis d&rsquo;\u00e9tranges rituels et lui ouvrira les portes d&rsquo;un monde plein de myst\u00e8res&#8230; et de dangers.<\/p>\n<p>Arlis des forains est un petit bijou, sur lequel planent les ombres tut\u00e9laires de Ray Bradbury et Stephen King.<\/p>\n<p>Deuxi\u00e8me roman de M\u00e9lanie Fazi, il a \u00e9t\u00e9 r\u00e9compens\u00e9 par le prix Masterton en 2005.<\/p>\n<hr \/>\n<pre><strong>Arlis des forains<\/strong>\r\nAuteur : M\u00e9lanie Fazi\r\nEditeur : Editions Gallimard (2 septembre 2010)<\/pre>\n<hr \/>\n<h3>Commentaire d&rsquo;Atorgael<\/h3>\n<span class=\"rating\"><span>?<\/span><span>?<\/span><span>?<\/span><span class=\"empty\">?<\/span><span class=\"empty\">?<\/span><\/span>\n<p>Un bien \u00e9trange roman que je viens de finir. \u00c9trange dans le sens o\u00f9 je ne suis pas habitu\u00e9 \u00e0 ce genre en fait, si je me suis lanc\u00e9 dans cette lecture, c&rsquo;est influenc\u00e9 par les critiques \u00e9logieuses de mes petits camarades sur d&rsquo;autres titres de cette auteur. Critiques que je vous invite \u00e0 retrouver sur le site d&rsquo;ailleurs (<a href=\"?p=5735\">Serpentine<\/a> et<a href=\"?p=4810\"> N.D aux \u00e9cailles<\/a>).<\/p>\n<p>Arlis donc, c&rsquo;est l&rsquo;histoire d&rsquo;un enfant de 10-11 ans qui se demande qui il est et d&rsquo;o\u00f9 il vient. Voil\u00e0 pour la trame de l&rsquo;histoire.<\/p>\n<p>Pour cadre, cette histoire se passe aux \u00c9tats unis dans le milieu de forains d\u00e9barquant dans un bled bien paum\u00e9 de la campagne am\u00e9ricaine.<\/p>\n<p>Le temps se veut \u00eatre contemporain, mais rien ne nous informe sur une date exacte, quelques allusions de modernit\u00e9 qui nous font dire qu&rsquo;il s&rsquo;agit de la seconde moiti\u00e9 du 20\u00e8 si\u00e8cle. Mais curieusement pas de voiture, tout est comme fig\u00e9 dans une \u00e9poque ressemblant plus \u00e0 la \u00ab\u00a0petite maison dans la prairie\u00a0\u00bb en fait.<\/p>\n<p>Je ne suis pas fan des univers de forains et m&rsquo;y plonger fut assez laborieux, mais l\u00e0 encore, on ne sait pas grand chose de la troupe et des num\u00e9ros pr\u00e9sent\u00e9s, tout et dans les allusions et dans quelques sc\u00e8nes \u00e9voqu\u00e9es et rarement vues en direct par le personnage du r\u00e9cit : Arlis.<\/p>\n<p>Tout est \u00e9crit \u00e0 la premi\u00e8re personne en effet, ceci nous donne un ton particulier qui se veut \u00eatre celui d&rsquo;un enfant de 11 ans, mais l\u00e0 encore, je n&rsquo;ai pas \u00e9t\u00e9 convaincu, certaines r\u00e9flexions du narrateur le situeraient bien plus \u00e2g\u00e9, dans le m\u00eame temps, ses dialogues sont plut\u00f4t de son age. Difficile parfois de ne pas tiquer. Et puis cette propension \u00e0 rappeler des faits anciens pour expliquer la situation actuelle est \u00e9galement source de rupture dans la trame de l&rsquo;histoire, surtout au d\u00e9but quand les choses doivent \u00eatre mises en place.<\/p>\n<p>L&rsquo;histoire en elle-m\u00eame est longue \u00e0 se mettre construire, il y a toute une in\u00e9vitable partie initiatique avant qu&rsquo;Arlis prenne enfin les choses en main, ceci ayant pour finalit\u00e9 une fin tr\u00e8s rapide.<\/p>\n<p>Un livre pas d\u00e9sagr\u00e9able \u00e0 lire mais qui aurait pu \u00eatre plus simple, plus abordable. Pourquoi par exemple placer cette histoire aux U.S. ? La m\u00eame histoire aurait pu \u00eatre \u00e9crite en Europe avec le m\u00eame impact sur le lecteur. De m\u00eame il est assez d\u00e9routant de ne pas pouvoir dater cette histoire alors que la situer plus pr\u00e9cis\u00e9ment n&rsquo;aurait sans doute rien e lev\u00e9 au charme de l&rsquo;atmosph\u00e8re d\u00e9crite. Car oui, cette histoire \u00e0 son charme qui nous fait lentement basculer dans un monde fantastique sans qu&rsquo;on s&rsquo;y attende vraiment. Mais en m\u00eame temps on n&rsquo;attend que cela.<\/p>\n<p>Un livre qui devrait ravir les amateurs du genre et que je ne regrette pas d&rsquo;avoir d\u00e9couvert.<\/p>\n<h3>Commentaire de Rendar<\/h3>\n<span class=\"rating\"><span>?<\/span><span>?<\/span><span>?<\/span><span class=\"empty\">?<\/span><span class=\"empty\">?<\/span><\/span>\n<p>Les \u00ab\u00a0aventures\u00a0\u00bb d&rsquo;Arlis, un jeune gar\u00e7on recueilli par des forains et dont l&rsquo;origine est assez floue. Vivant parmi les gens du cirque, un des arr\u00eats de la troupe va n\u00e9anmoins changer la vie du jeune Arlis et une rencontre va faire basculer sa perception des choses.<\/p>\n<p>Entre flirt avec le fantastique, parcours initiatique et rite de sorcellerie, ce livre navigue entre plusieurs courants sans malheureusement r\u00e9ellement non ancrer au r\u00e9cit. C&rsquo;est tr\u00e8s bien \u00e9crit, les diff\u00e9rents protagonistes sont tr\u00e8s bien d\u00e9peints et Arlis est un personnage attachant (Avec d&rsquo;autres comme Jason par exemple) mais il manque un petit quelque chose pour nous transporter dans ce champ de bl\u00e9 o\u00f9 tout se joue.<\/p>\n<p>Je noterais un 2,5\/5 tendance 3 avec un petit regrets : Le fait que l&rsquo;auteur ne nous ai pas r\u00e9ellement entra\u00een\u00e9 dans un univers fantastique. Tout peut \u00eatre rationnellement expliqu\u00e9 mais l&rsquo;esprit laissant de c\u00f4t\u00e9 l&rsquo;aspect cart\u00e9sien se r\u00e9jouira du frisson d&rsquo;imaginaire subtilement amen\u00e9.<\/p>\n","protected":false},"excerpt":{"rendered":"<p><em>Compl\u00e9ments \u00e0 l&rsquo;article publi\u00e9 le 9 f\u00e9vrier 2011<\/em><\/p>\n<p>Arlis est orphelin. Il a \u00e9t\u00e9 recueilli par Emmett et Lindy, des forains. Entour\u00e9, entre autres, de Jared, le cul-de-jatte, et de Katrina, la fille aux serpents, il vit une enfance singuli\u00e8re, mais <a rel=\"nofollow\" href=\"https:\/\/www.atorgael.com\/?p=4073\">... [Lire la suite]<\/a>","protected":false},"author":2,"featured_media":0,"comment_status":"open","ping_status":"closed","sticky":false,"template":"","format":"standard","meta":{"jetpack_post_was_ever_published":false,"_jetpack_newsletter_access":"","_jetpack_dont_email_post_to_subs":false,"_jetpack_newsletter_tier_id":0,"_jetpack_memberships_contains_paywalled_content":false,"_jetpack_memberships_contains_paid_content":false,"footnotes":""},"categories":[6],"tags":[39,73,211],"class_list":["post-4073","post","type-post","status-publish","format-standard","hentry","category-decouvrir","tag-fantastique","tag-livre","tag-melanie-fazi"],"views":2898,"jetpack_featured_media_url":"","jetpack_likes_enabled":true,"jetpack_sharing_enabled":true,"_links":{"self":[{"href":"https:\/\/www.atorgael.com\/index.php?rest_route=\/wp\/v2\/posts\/4073","targetHints":{"allow":["GET"]}}],"collection":[{"href":"https:\/\/www.atorgael.com\/index.php?rest_route=\/wp\/v2\/posts"}],"about":[{"href":"https:\/\/www.atorgael.com\/index.php?rest_route=\/wp\/v2\/types\/post"}],"author":[{"embeddable":true,"href":"https:\/\/www.atorgael.com\/index.php?rest_route=\/wp\/v2\/users\/2"}],"replies":[{"embeddable":true,"href":"https:\/\/www.atorgael.com\/index.php?rest_route=%2Fwp%2Fv2%2Fcomments&post=4073"}],"version-history":[{"count":0,"href":"https:\/\/www.atorgael.com\/index.php?rest_route=\/wp\/v2\/posts\/4073\/revisions"}],"wp:attachment":[{"href":"https:\/\/www.atorgael.com\/index.php?rest_route=%2Fwp%2Fv2%2Fmedia&parent=4073"}],"wp:term":[{"taxonomy":"category","embeddable":true,"href":"https:\/\/www.atorgael.com\/index.php?rest_route=%2Fwp%2Fv2%2Fcategories&post=4073"},{"taxonomy":"post_tag","embeddable":true,"href":"https:\/\/www.atorgael.com\/index.php?rest_route=%2Fwp%2Fv2%2Ftags&post=4073"}],"curies":[{"name":"wp","href":"https:\/\/api.w.org\/{rel}","templated":true}]}}