{"id":3267,"date":"2009-09-12T10:21:55","date_gmt":"2009-09-12T09:21:55","guid":{"rendered":"http:\/\/battle.atorgael.com\/?p=3267"},"modified":"2009-09-12T10:21:55","modified_gmt":"2009-09-12T09:21:55","slug":"challenge-d%e2%80%99ecriture-n%c2%b027-%e2%80%93-texte-n%c2%b01","status":"publish","type":"post","link":"https:\/\/www.atorgael.com\/?p=3267","title":{"rendered":"Challenge d\u2019\u00e9criture n\u00b027 \u2013 Texte n\u00b01"},"content":{"rendered":"<h1>Lothar<\/h1>\n<p>Ma douce et tendre Margueritte,<\/p>\n<p>Je t\u2019\u00e9cris \u00e0 la faveur d\u2019une pause pour te donner de mes nouvelles et te rassurer car je te sais rong\u00e9e par le doute et l\u2019angoisse. Je l\u2019ai lu dans tes yeux quand les cloches ont retenti le 1er Ao\u00fbt dernier, je l\u2019ai encore vu quand tu m\u2019as embrass\u00e9 \u00e0 mon d\u00e9part des Invalides. Tes sourires et tes signes de la main n\u2019ont pas pu cacher ce petit voile dans tes yeux et cette fa\u00e7on que tu as de tortiller ton tablier quand tu es tourment\u00e9e. Sois tranquille ma petite femme, je te reviendrai. Je n\u2019ai pas l\u2019intention de me faire estourbir.<\/p>\n<p>Quand tu m\u2019as embrass\u00e9 une derni\u00e8re fois et que notre officier a donn\u00e9 l\u2019ordre de marche, nous avons pris le chemin de la gare sous les applaudissements et les vivas de la foule. La plupart d\u2019entre nous \u00e9taient fiers et r\u00e9solus \u00e0 faire honneur \u00e0 notre Patrie. De jeunes femmes en toilettes du dimanche venaient placer des fleurs \u00e0 nos boutonni\u00e8res et aux canons de nos Lebels, des commer\u00e7ants rougeauds et pleins de gouaille gesticulaient devant leur magasin et distribuaient saucissons, pains frais et autres victuailles \u00e0 la troupe. De v\u00e9n\u00e9rables anc\u00eatres saluaient notre passage d\u2019une main f\u00e9brile et cachaient mal leur \u00e9motion. Des patrons de bistrots venaient \u00e0 la h\u00e2te remplir nos gourdes de piquette et des enfants arm\u00e9s de fusils \u00e0 bouchon se joignaient quelques temps \u00e0 notre d\u00e9fil\u00e9. La rel\u00e8ve est assur\u00e9e, les lignards n\u2019ont pas de soucis \u00e0 se faire ! Quelle impression saisissante, Margueritte ! On aurait jur\u00e9 que la France enti\u00e8re allait nous accompagner au front.<\/p>\n<p>A mon grand regret, j\u2019ai aper\u00e7u un triste spectacle, en marge du d\u00e9fil\u00e9, qui m\u2019a bien affect\u00e9. Un vieil homme (Alsacien, m\u2019a-t-on dit par la suite) qui ne manifestait pas sa joie avec assez d\u2019entrain a \u00e9t\u00e9 molest\u00e9 par la foule qui criait \u00ab Au Boche \u00bb. Les gens ont-ils oubli\u00e9s que l\u2019Alsace-Lorraine, c\u2019est la France ? Et que nous allons justement rendre \u00e0 la France ce qui lui revient de Droit et de C\u0153ur ? Ce malheureux \u00e9tait peut-\u00eatre trop \u00e9mu ou fatigu\u00e9 par des ann\u00e9es d\u2019attente pour se joindre \u00e0 la liesse populaire. Cette sorte de comportement est vraiment regrettable.<\/p>\n<p>L\u2019ombre au tableau n\u2019a pas persist\u00e9 longtemps car au croisement suivant, j\u2019ai eu le plaisir de voir un d\u00e9tachement de Dragons. Tu aurais du voir ces fiers cavaliers, leurs uniformes chatoyants et leurs armures dor\u00e9es brillaient dans le soleil du matin. Ils \u00e9taient calmes et confiants, flattant leurs montures et discutant l\u00e9g\u00e8rement en nous regardant passer. A leur allure, on pouvait voir imm\u00e9diatement qu\u2019un sang noble et imp\u00e9tueux coule dans leurs veines. Tout le monde sait que la cavalerie est imbattable, avec des gars comme ceux-ci \u00e0 nos c\u00f4t\u00e9s, nous allons voler de victoire en victoire jusque Berlin !<\/p>\n<p>J\u2019aurais peine \u00e0 d\u00e9crire les spectacles qui se sont d\u00e9roul\u00e9s durant notre travers\u00e9e de Paris, ni la multitude de sentiments qui m\u2019envahissait \u00e0 chaque pas. Finalement, c\u2019est dans cette ambiance quasi fantasmagorique que nous sommes arriv\u00e9s \u00e0 notre point de rassemblement : la Gare de l\u2019Est. Il r\u00e9gnait un chaos ind\u00e9finissable, dans lequel officiers, gendarmes et chefs de quais tentaient de r\u00e9tablir un semblant de coh\u00e9sion. Tout n\u2019\u00e9tait que brouhaha entrecoup\u00e9 d\u2019invectives. On devait se faufiler entre les groupes en armes et il fallut bien une heure de plus pour r\u00e9cup\u00e9rer tous les \u00e9gar\u00e9s de notre r\u00e9giment.<\/p>\n<p>Apr\u00e8s une attente interminable dans la chaleur \u00e9tourdissante et le vacarme, nous avons pris le train en direction de Reims. Nous sommes descendus \u00e0 Charleville M\u00e9zi\u00e8res pour continuer notre p\u00e9riple \u00e0 pieds, sans savoir pour quelle raison. Certains parlaient de sabotage de la voie, d\u2019autres d\u2019accidents ferroviaire et un alarmiste a m\u00eame lanc\u00e9 que l\u2019arm\u00e9e Prussienne \u00e9tait arriv\u00e9e \u00e0 quelques kilom\u00e8tres. C\u2019\u00e9tait comme si nous \u00e9tions pass\u00e9s de la liesse collective \u00e0 la confusion la plus totale. J\u2019ai pr\u00e9f\u00e9r\u00e9 garder la t\u00eate froide. Je n\u2019avais pas entendu d\u2019\u00e9chos d\u2019une quelconque bataille donc \u00e0 mes yeux il n\u2019y avait pas encore lieu de s\u2019inqui\u00e9ter.<\/p>\n<p>Je dois t\u2019avouer que la vie citadine ne m\u2019avait pas pr\u00e9par\u00e9 aux marches forc\u00e9es de ces derniers jours, avec tout ce barda sur le dos. Mes compagnons semblent \u00e9prouver les m\u00eames peines mais notre d\u00e9termination ne faiblit pas. Quand le paquet bringuebalant que je porte me scie le dos, je me dis que c\u2019est un maigre sacrifice en comparaison de la t\u00e2che sacr\u00e9e qui nous attend.<\/p>\n<p>Je sais que cette bataille sera la derni\u00e8re qui se livrera en Europe et que cette ann\u00e9e 1914 restera dans toutes les m\u00e9moires comme le d\u00e9but d\u2019une \u00e8re de progr\u00e8s. Ce si\u00e8cle qui d\u00e9bute sera un si\u00e8cle de Lumi\u00e8re sans pr\u00e9c\u00e9dent. N\u00e9anmoins nous devons au pr\u00e9alable mettre un terme \u00e0 l\u2019h\u00e9g\u00e9monie Germanique. Il me pla\u00eet \u00e0 penser que notre enfant \u00e0 venir conna\u00eetra la paix gr\u00e2ce \u00e0 son papa.<\/p>\n<p>Aies confiance en moi, aies confiance en notre belle et grande Patrie ! Nous sommes vigoureux et courageux, notre industrie est un des fleurons du monde civilis\u00e9, nos colonies nous apportent une puissance sans pr\u00e9c\u00e9dent. Comment la Victoire pourrait-elle nous \u00eatre refus\u00e9e ? Je te le dis, ma douce Margueritte, nous aurons mis le Kaiser \u00e0 genoux avant No\u00ebl et le cadeau que je ram\u00e8nerai \u00e0 notre petit Louis sera un casque Boche.<\/p>\n<p>Ca y est ma douce, le Capitaine passe dans nos rangs et donne ses consignes\u2026 Nous allons repartir. J\u2019exp\u00e9dierai ce courrier \u00e0 la prochaine occasion et je te r\u00e9\u00e9crirai d\u00e8s que possible. Prends soin de toi en attendant mon retour. Ne te fais pas de soucis pour moi, je ferai bien attention de tirer le premier si je croise un Boche. Re\u00e7ois tous mes baisers et tendres pens\u00e9es, ainsi que le petiot.<\/p>\n<p>Ton Firmin qui t\u2019aime<\/p>\n<p><!--nextpage--><\/p>\n<h2>R\u00e9sultat<\/h2>\n<p><strong>1er au classement g\u00e9n\u00e9ral.<\/strong><\/p>\n<ul>\n<li><span style=\"text-decoration: underline\">Note finale :<\/span> 14.7\/20\n<ul>\n<li><span style=\"text-decoration: underline\">Originalit\u00e9 :<\/span> 6.3\/10<\/li>\n<li><span style=\"text-decoration: underline\">\u00c9criture :<\/span> 8.4\/10<\/li>\n<\/ul>\n<\/li>\n<\/ul>\n<h2>Commentaires des votants<\/h2>\n<p>Style sympa et jolie histoire ! Je n&rsquo;ai juste pas suivi pourquoi ils s&rsquo;arr\u00eataient \u00e0 Charleville alors que le train \u00e9tait cens\u00e9 s&rsquo;arr\u00eater \u00e0 Reims\u2026 bref, rien de grave, juste une incompr\u00e9hension g\u00e9ographique de ma part !<\/p>\n<p>C&rsquo;est bien \u00e9crit et assez fid\u00e8le \u00e0 l&rsquo;id\u00e9e que je me fais d&rsquo;une correspondance de l&rsquo;\u00e9poque au niveau \u00e9criture. Par contre, j&rsquo;ai du mal avec l&rsquo;aura id\u00e9aliste et bonne alors que je n&rsquo;imagine pas que l&rsquo;instinct belliqueux de l&rsquo;\u00e9poque ai pu \u00e9pargner qui que ce soit. La propagande faite \u00e9tait martiale et limite guerre sainte. Du coup, il manque un truc pour que j&rsquo;y crois vraiment. Ceci mis \u00e0 part, le texte est de qualit\u00e9.<\/p>\n<p>De la lettre de type de base parfaitement assum\u00e9e. Un style et un contenu r\u00e9aliste, qui nous plonge en plein c\u0153ur du coup de d\u00e9part de la plus artificielle de l&rsquo;Europe du XX\u00e8me si\u00e8cle, celle des Etats qui embrigadent totalement des peuples qui n&rsquo;auraient rien demand\u00e9 sans eux (et cr\u00e9ent durablement la haine entre eux. tout le monde sait que la Seconde Guerre mondiale est due au trait\u00e9 de Versailles).<\/p>\n<p>Id\u00e9e peu originale mais tr\u00e8s bien trait\u00e9e.<\/p>\n<p>Tout \u00e0 fait dans l&rsquo;esprit de cette p\u00e9riode, bravo !<\/p>\n<p>M\u00eame si le texte n&rsquo;est pas tr\u00e8s original (c&rsquo;est un avis subjectif), j&rsquo;adore le style d&rsquo;\u00e9criture, qui donne envie de relire x fois ce texte. L&rsquo;\u00e9motion transparait dans ses lignes, et le style d&rsquo;\u00e9criture est extr\u00eamement fluide, comme \u00e9crit d&rsquo;un seul jet.<\/p>\n<p>Tr\u00e8s bien \u00e9crit !<\/p>\n<p>Tr\u00e8s bon style qui donne sa mesure \u00e0 un texte assez peu original mais tr\u00e8s touchant.<\/p>\n<p>Un texte bien \u00e9crit et bien ancr\u00e9 dans son \u00e9poque.<br \/>\nUn d\u00e9faut : le sujet du d\u00e9part \u00e0 la guerre de 14 la fleure au fusil me semble une anecdote un peu us\u00e9e et rab\u00e2ch\u00e9e.<br \/>\nL\u2019anecdote de l\u2019alsacien est plus originale, mais j\u2019ai un doute quant \u00e0 sa v\u00e9racit\u00e9 historique. Je serai curieux de savoir si c\u2019est toi qui l\u2019a imagin\u00e9 ou si c\u2019est vraiment arriv\u00e9.<\/p>\n","protected":false},"excerpt":{"rendered":"Lothar\n<p>Ma douce et tendre Margueritte,<\/p>\n<p>Je t\u2019\u00e9cris \u00e0 la faveur d\u2019une pause pour te donner de mes nouvelles et te rassurer car je te sais rong\u00e9e par le doute et l\u2019angoisse. Je l\u2019ai lu dans tes yeux quand les cloches ont <a rel=\"nofollow\" href=\"https:\/\/www.atorgael.com\/?p=3267\">... [Lire la suite]<\/a>","protected":false},"author":2,"featured_media":0,"comment_status":"closed","ping_status":"closed","sticky":false,"template":"","format":"standard","meta":{"jetpack_post_was_ever_published":false,"_jetpack_newsletter_access":"","_jetpack_dont_email_post_to_subs":false,"_jetpack_newsletter_tier_id":0,"_jetpack_memberships_contains_paywalled_content":false,"_jetpack_memberships_contains_paid_content":false,"footnotes":""},"categories":[5],"tags":[126,74],"class_list":["post-3267","post","type-post","status-publish","format-standard","hentry","category-challenges","tag-les-challenges","tag-lothar"],"views":3495,"jetpack_featured_media_url":"","jetpack_likes_enabled":true,"jetpack_sharing_enabled":true,"_links":{"self":[{"href":"https:\/\/www.atorgael.com\/index.php?rest_route=\/wp\/v2\/posts\/3267","targetHints":{"allow":["GET"]}}],"collection":[{"href":"https:\/\/www.atorgael.com\/index.php?rest_route=\/wp\/v2\/posts"}],"about":[{"href":"https:\/\/www.atorgael.com\/index.php?rest_route=\/wp\/v2\/types\/post"}],"author":[{"embeddable":true,"href":"https:\/\/www.atorgael.com\/index.php?rest_route=\/wp\/v2\/users\/2"}],"replies":[{"embeddable":true,"href":"https:\/\/www.atorgael.com\/index.php?rest_route=%2Fwp%2Fv2%2Fcomments&post=3267"}],"version-history":[{"count":0,"href":"https:\/\/www.atorgael.com\/index.php?rest_route=\/wp\/v2\/posts\/3267\/revisions"}],"wp:attachment":[{"href":"https:\/\/www.atorgael.com\/index.php?rest_route=%2Fwp%2Fv2%2Fmedia&parent=3267"}],"wp:term":[{"taxonomy":"category","embeddable":true,"href":"https:\/\/www.atorgael.com\/index.php?rest_route=%2Fwp%2Fv2%2Fcategories&post=3267"},{"taxonomy":"post_tag","embeddable":true,"href":"https:\/\/www.atorgael.com\/index.php?rest_route=%2Fwp%2Fv2%2Ftags&post=3267"}],"curies":[{"name":"wp","href":"https:\/\/api.w.org\/{rel}","templated":true}]}}