{"id":1715,"date":"2009-10-14T09:38:42","date_gmt":"2009-10-14T09:38:42","guid":{"rendered":"http:\/\/battle.atorgael.com\/?p=1715"},"modified":"2013-05-07T13:12:13","modified_gmt":"2013-05-07T11:12:13","slug":"sabbat-mater","status":"publish","type":"post","link":"https:\/\/www.atorgael.com\/?p=1715","title":{"rendered":"Sabbat Mater"},"content":{"rendered":"<p><span class=\"thickbox\"><img data-recalc-dims=\"1\" decoding=\"async\" class=\"ngg-singlepic ngg-left\" alt=\"bi_sabbatmater\" src=\"https:\/\/i0.wp.com\/www.atorgael.com\/wp-content\/gallery\/fiche-wh40k\/thumbs\/thumbs_bi_sabbatmater.jpg?w=650\" \/><\/span>Une vague d\u2019espoir a d\u00e9ferl\u00e9 sur les mondes de Sabbat : partout se r\u00e9pand la nouvelle de l\u2019apparition d\u2019une jeune fille pr\u00e9tendant \u00eatre la r\u00e9incarnation de la sainte.<\/p>\n<p>Malgr\u00e9 certains doutes au sein du haut commandement, cette femme s\u2019av\u00e8re \u00eatre la figure de ralliement parfaite pour les troupes imp\u00e9riales en difficult\u00e9.<\/p>\n<p>Mais les forces du Chaos ne sous-estiment pas la menace qu\u2019elle repr\u00e9sente, et lorsque leurs plus redoutables assassins re\u00e7oivent pour ordre de la tuer, il revient au commissaire Gaunt et \u00e0 ses hommes de former la derni\u00e8re ligne de d\u00e9fense !<\/p>\n<hr \/>\n<pre><strong>Sabbat Mater<\/strong>\r\nAuteur : <a title=\"Dan Abnett\" href=\"http:\/\/www.atorgael.com\/?p=6992\">Dan Abnett<\/a>\r\nEditeur : Biblioth\u00e8que interdite\r\nInt\u00e9r\u00eat dans l'univers : <span class=\"rating\"><span>?<\/span><span>?<\/span><span>?<\/span><span>?<\/span><span>?<\/span><\/span><\/pre>\n<hr \/>\n<h3>Commentaires d&rsquo;Atorgael<\/h3>\n<span class=\"rating\"><span>?<\/span><span>?<\/span><span>?<\/span><span>?<\/span><span>?<\/span><\/span>\n<p>Je viens de finir ce livre ce matin dans le train. Au passage, j&rsquo;ai donc lu les 4 livres de la s\u00e9rie \u201cLa Sainte\u201d en moins d&rsquo;un mois, ce qui doit constituer pas loin d&rsquo;un record.<\/p>\n<p>Bref, tout \u00e7a pour dire que ce final est explosif. A la fin des pr\u00e9c\u00e9dents, on se demandait ce que l&rsquo;auteur allait bien pouvoir trouver de pire comme situation et \u00e0 chaque fois il y r\u00e9ussissait. Ce dernier opus est une apoth\u00e9ose, un feu d&rsquo;artifice.<\/p>\n<p>Sans rien vous d\u00e9voiler, je peux juste vous dire que le 1er et unique ne sera plus jamais le m\u00eame apr\u00e8s cette s\u00e9rie, de nombreux personnages quittant la sc\u00e8ne d\u00e9finitivement.<\/p>\n<p>C&rsquo;est s\u00fbr que c&rsquo;est la guerre qui nous est d\u00e9crite et que garder des dizaines de personnages au fil des romans devient difficile. Heureusement, les recrues Verghastites sont tout aussi attachantes et s&rsquo;int\u00e8grent parfaitement aux c\u00f4t\u00e9s des Tanith. Apr\u00e8s quelques efforts il est vrai.<\/p>\n<p>Toutes les situations sont d\u00e9bloqu\u00e9es, toutes les explications fournies, bref, que du bon avec ce dernier tome.<\/p>\n<p>Un grand coup de chapeau \u00e0 Dan Abnett qui nous a \u00e9crit l\u00e0 un tr\u00e8s bel hymne \u00e0 la Garde Imp\u00e9riale.<\/p>\n<p>Vivement la prochaine s\u00e9rie qui devrait sortir en septembre.<\/p>\n<h3>Commentaires de Baal-Moloch<\/h3>\n<span class=\"rating\"><span>?<\/span><span>?<\/span><span>?<\/span><span>?<\/span><span>?<\/span><\/span>\n<p>Abnett souffle litt\u00e9ralement le chaud et le froid dans la conclusion de ce second volet.<\/p>\n<p>Certains \u00e9l\u00e9ments dispers\u00e9s au cours des pr\u00e9c\u00e9dents volumes trouvent enfin leur explication (quelques-uns \u00e9taient faciles \u00e0 voir venir et ne m&rsquo;ont pas du tout surpris), d&rsquo;autres par contre m&rsquo;ont mis une bonne claque et, je l&rsquo;avoue, m&rsquo;ont arrach\u00e9 un petit tr\u00e9molo en fin de lecture.<\/p>\n<p>le miracle de Kolea, paf !<br \/>\nHark se faisant coincer par les Loxatl, paf !<br \/>\nla chasse des 9, paf !<br \/>\nles r\u00e9v\u00e9lations de Soric et son devenir, paf !<br \/>\nCorbec\u2026 ouin !<\/p>\n<h3>Le vote des lecteurs<\/h3>\n<p>Votre avis sur l&rsquo;article, le livre&#8230;<\/p>\n<p>[starrater tpl=10 style=&rsquo;starscape&rsquo; size=&rsquo;16&rsquo;]<\/p>\n","protected":false},"excerpt":{"rendered":"<p>Une vague d\u2019espoir a d\u00e9ferl\u00e9 sur les mondes de Sabbat : partout se r\u00e9pand la nouvelle de l\u2019apparition d\u2019une jeune fille pr\u00e9tendant \u00eatre la r\u00e9incarnation de la sainte.<\/p>\n<p>Malgr\u00e9 certains doutes au sein du haut commandement, cette femme s\u2019av\u00e8re \u00eatre la <a rel=\"nofollow\" href=\"https:\/\/www.atorgael.com\/?p=1715\">... [Lire la suite]<\/a>","protected":false},"author":2,"featured_media":0,"comment_status":"open","ping_status":"closed","sticky":false,"template":"","format":"standard","meta":{"jetpack_post_was_ever_published":false,"_jetpack_newsletter_access":"","_jetpack_dont_email_post_to_subs":false,"_jetpack_newsletter_tier_id":0,"_jetpack_memberships_contains_paywalled_content":false,"_jetpack_memberships_contains_paid_content":false,"footnotes":""},"categories":[6],"tags":[134,165,73,177,111],"class_list":["post-1715","post","type-post","status-publish","format-standard","hentry","category-decouvrir","tag-abnett","tag-garde-imperiale","tag-livre","tag-tanith","tag-warhammer-40-000"],"views":2646,"jetpack_featured_media_url":"","jetpack_likes_enabled":true,"jetpack_sharing_enabled":true,"_links":{"self":[{"href":"https:\/\/www.atorgael.com\/index.php?rest_route=\/wp\/v2\/posts\/1715","targetHints":{"allow":["GET"]}}],"collection":[{"href":"https:\/\/www.atorgael.com\/index.php?rest_route=\/wp\/v2\/posts"}],"about":[{"href":"https:\/\/www.atorgael.com\/index.php?rest_route=\/wp\/v2\/types\/post"}],"author":[{"embeddable":true,"href":"https:\/\/www.atorgael.com\/index.php?rest_route=\/wp\/v2\/users\/2"}],"replies":[{"embeddable":true,"href":"https:\/\/www.atorgael.com\/index.php?rest_route=%2Fwp%2Fv2%2Fcomments&post=1715"}],"version-history":[{"count":0,"href":"https:\/\/www.atorgael.com\/index.php?rest_route=\/wp\/v2\/posts\/1715\/revisions"}],"wp:attachment":[{"href":"https:\/\/www.atorgael.com\/index.php?rest_route=%2Fwp%2Fv2%2Fmedia&parent=1715"}],"wp:term":[{"taxonomy":"category","embeddable":true,"href":"https:\/\/www.atorgael.com\/index.php?rest_route=%2Fwp%2Fv2%2Fcategories&post=1715"},{"taxonomy":"post_tag","embeddable":true,"href":"https:\/\/www.atorgael.com\/index.php?rest_route=%2Fwp%2Fv2%2Ftags&post=1715"}],"curies":[{"name":"wp","href":"https:\/\/api.w.org\/{rel}","templated":true}]}}