{"id":870,"date":"2014-03-14T09:00:17","date_gmt":"2014-03-14T08:00:17","guid":{"rendered":"http:\/\/www.atorgael.com\/figurine\/?p=870"},"modified":"2014-05-20T10:14:01","modified_gmt":"2014-05-20T08:14:01","slug":"renfort-cuirassier-nemesis","status":"publish","type":"post","link":"https:\/\/www.atorgael.com\/figurine\/renfort-cuirassier-nemesis\/","title":{"rendered":"Renfort Cuirassier Nemesis"},"content":{"rendered":"<p>Parce que deux c&rsquo;est souvent mieux que un, voila des renforts pour mes marcheurs pr\u00e9c\u00e9demment peints : un second Cuirassier Nemesis.<\/p>\n<p>Je vous \u00e9pargnerai les \u00e9tapes de peinture, elles sont quasiment identiques \u00e0 celles d\u00e9crites lors <a title=\"Marcheurs Chevaliers Gris\" href=\"http:\/\/www.atorgael.com\/figurine\/marcheurs-chevaliers-gris\/\">du pr\u00e9c\u00e9dent article<\/a>, voici donc quelques images du cuirassier termin\u00e9.<\/p>\n\n\t\t<style type=\"text\/css\">\n\t\t\t#gallery-1 {\n\t\t\t\tmargin: auto;\n\t\t\t}\n\t\t\t#gallery-1 .gallery-item {\n\t\t\t\tfloat: left;\n\t\t\t\tmargin-top: 10px;\n\t\t\t\ttext-align: center;\n\t\t\t\twidth: 25%;\n\t\t\t}\n\t\t\t#gallery-1 img {\n\t\t\t\tborder: 2px solid #cfcfcf;\n\t\t\t}\n\t\t\t#gallery-1 .gallery-caption {\n\t\t\t\tmargin-left: 0;\n\t\t\t}\n\t\t\t\/* see gallery_shortcode() in wp-includes\/media.php *\/\n\t\t<\/style>\n\t\t<div id='gallery-1' class='gallery galleryid-870 gallery-columns-4 gallery-size-thumbnail'><dl class='gallery-item'>\n\t\t\t<dt class='gallery-icon portrait'>\n\t\t\t\t<a href='https:\/\/www.atorgael.com\/figurine\/renfort-cuirassier-nemesis\/nemesis2-01\/'><img loading=\"lazy\" decoding=\"async\" width=\"129\" height=\"150\" src=\"https:\/\/www.atorgael.com\/figurine\/files\/2014\/03\/nemesis2-01-e1400573519823-129x150.jpg\" class=\"attachment-thumbnail size-thumbnail\" alt=\"\" srcset=\"https:\/\/www.atorgael.com\/figurine\/files\/2014\/03\/nemesis2-01-e1400573519823-129x150.jpg 129w, https:\/\/www.atorgael.com\/figurine\/files\/2014\/03\/nemesis2-01-e1400573519823-259x300.jpg 259w, https:\/\/www.atorgael.com\/figurine\/files\/2014\/03\/nemesis2-01-e1400573519823.jpg 693w\" sizes=\"auto, (max-width: 129px) 100vw, 129px\" \/><\/a>\n\t\t\t<\/dt><\/dl><dl class='gallery-item'>\n\t\t\t<dt class='gallery-icon portrait'>\n\t\t\t\t<a href='https:\/\/www.atorgael.com\/figurine\/renfort-cuirassier-nemesis\/nemesis2-02\/'><img loading=\"lazy\" decoding=\"async\" width=\"139\" height=\"150\" src=\"https:\/\/www.atorgael.com\/figurine\/files\/2014\/03\/nemesis2-02-139x150.jpg\" class=\"attachment-thumbnail size-thumbnail\" alt=\"\" srcset=\"https:\/\/www.atorgael.com\/figurine\/files\/2014\/03\/nemesis2-02-139x150.jpg 139w, https:\/\/www.atorgael.com\/figurine\/files\/2014\/03\/nemesis2-02-278x300.jpg 278w, https:\/\/www.atorgael.com\/figurine\/files\/2014\/03\/nemesis2-02-742x800.jpg 742w, https:\/\/www.atorgael.com\/figurine\/files\/2014\/03\/nemesis2-02.jpg 951w\" sizes=\"auto, (max-width: 139px) 100vw, 139px\" \/><\/a>\n\t\t\t<\/dt><\/dl><dl class='gallery-item'>\n\t\t\t<dt class='gallery-icon portrait'>\n\t\t\t\t<a href='https:\/\/www.atorgael.com\/figurine\/renfort-cuirassier-nemesis\/nemesis2-03\/'><img loading=\"lazy\" decoding=\"async\" width=\"133\" height=\"150\" src=\"https:\/\/www.atorgael.com\/figurine\/files\/2014\/03\/nemesis2-03-133x150.jpg\" class=\"attachment-thumbnail size-thumbnail\" alt=\"\" srcset=\"https:\/\/www.atorgael.com\/figurine\/files\/2014\/03\/nemesis2-03-133x150.jpg 133w, https:\/\/www.atorgael.com\/figurine\/files\/2014\/03\/nemesis2-03-267x300.jpg 267w, https:\/\/www.atorgael.com\/figurine\/files\/2014\/03\/nemesis2-03-712x800.jpg 712w, https:\/\/www.atorgael.com\/figurine\/files\/2014\/03\/nemesis2-03.jpg 912w\" sizes=\"auto, (max-width: 133px) 100vw, 133px\" \/><\/a>\n\t\t\t<\/dt><\/dl><dl class='gallery-item'>\n\t\t\t<dt class='gallery-icon portrait'>\n\t\t\t\t<a href='https:\/\/www.atorgael.com\/figurine\/renfort-cuirassier-nemesis\/nemesis2-04\/'><img loading=\"lazy\" decoding=\"async\" width=\"137\" height=\"150\" src=\"https:\/\/www.atorgael.com\/figurine\/files\/2014\/03\/nemesis2-04-137x150.jpg\" class=\"attachment-thumbnail size-thumbnail\" alt=\"\" srcset=\"https:\/\/www.atorgael.com\/figurine\/files\/2014\/03\/nemesis2-04-137x150.jpg 137w, https:\/\/www.atorgael.com\/figurine\/files\/2014\/03\/nemesis2-04-275x300.jpg 275w, https:\/\/www.atorgael.com\/figurine\/files\/2014\/03\/nemesis2-04-734x800.jpg 734w, https:\/\/www.atorgael.com\/figurine\/files\/2014\/03\/nemesis2-04.jpg 940w\" sizes=\"auto, (max-width: 137px) 100vw, 137px\" \/><\/a>\n\t\t\t<\/dt><\/dl><br style=\"clear: both\" \/>\n\t\t<\/div>\n\n<p>Je n&rsquo;ai pas coll\u00e9 la main droite afin de pouvoir mettre selon les besoins un espadon Nemesis ou un marteau Nemesis tueur de d\u00e9mon.<\/p>\n<p>Gros plan sur le socle quand m\u00eame, il repr\u00e9sente une route jonch\u00e9e de gravats et bien abim\u00e9e par les combats.<\/p>\n<p>Sur une base noire, la route est pass\u00e9e au \u00ab\u00a0Agrellan Earth\u00a0\u00bb afin d&rsquo;obtenir des craquelures et des irr\u00e9gularit\u00e9s, le tout est recouvert de \u00ab\u00a0Mechanicus Standard Grey\u00a0\u00bb puis de lavis \u00ab\u00a0d&rsquo;Agrax Earthshade\u00a0\u00bb et de \u00ab\u00a0Nuln Oil\u00a0\u00bb.<\/p>\n<p>Les gravats sont des pierres pos\u00e9es unes \u00e0 unes sur du sable, le tout pass\u00e9 au noir, bross\u00e9 au \u00ab\u00a0Longbeard Grey\u00a0\u00bb suivi de lavis\u00a0\u00ab\u00a0d&rsquo;Agrax Earthshade\u00a0\u00bb et de \u00ab\u00a0Nuln Oil\u00a0\u00bb.<\/p>\n<p>Le reste de bande blanche qui vient couper la route est faite de blanc, bross\u00e9 par endroits au \u00ab\u00a0Mechanicus Standard Grey\u00a0\u00bb et salie de lavis \u00ab\u00a0d&rsquo;Agrax Earthshade\u00a0\u00bb et de \u00ab\u00a0Nuln Oil\u00a0\u00bb.<\/p>\n\n\t\t<style type=\"text\/css\">\n\t\t\t#gallery-2 {\n\t\t\t\tmargin: auto;\n\t\t\t}\n\t\t\t#gallery-2 .gallery-item {\n\t\t\t\tfloat: left;\n\t\t\t\tmargin-top: 10px;\n\t\t\t\ttext-align: center;\n\t\t\t\twidth: 100%;\n\t\t\t}\n\t\t\t#gallery-2 img {\n\t\t\t\tborder: 2px solid #cfcfcf;\n\t\t\t}\n\t\t\t#gallery-2 .gallery-caption {\n\t\t\t\tmargin-left: 0;\n\t\t\t}\n\t\t\t\/* see gallery_shortcode() in wp-includes\/media.php *\/\n\t\t<\/style>\n\t\t<div id='gallery-2' class='gallery galleryid-870 gallery-columns-1 gallery-size-thumbnail'><dl class='gallery-item'>\n\t\t\t<dt class='gallery-icon landscape'>\n\t\t\t\t<a href='https:\/\/www.atorgael.com\/figurine\/renfort-cuirassier-nemesis\/nemesis-socle\/'><img loading=\"lazy\" decoding=\"async\" width=\"150\" height=\"92\" src=\"https:\/\/www.atorgael.com\/figurine\/files\/2014\/03\/nemesis-socle-150x92.jpg\" class=\"attachment-thumbnail size-thumbnail\" alt=\"\" srcset=\"https:\/\/www.atorgael.com\/figurine\/files\/2014\/03\/nemesis-socle-150x92.jpg 150w, https:\/\/www.atorgael.com\/figurine\/files\/2014\/03\/nemesis-socle-300x185.jpg 300w, https:\/\/www.atorgael.com\/figurine\/files\/2014\/03\/nemesis-socle-800x495.jpg 800w, https:\/\/www.atorgael.com\/figurine\/files\/2014\/03\/nemesis-socle.jpg 1024w\" sizes=\"auto, (max-width: 150px) 100vw, 150px\" \/><\/a>\n\t\t\t<\/dt><\/dl><br style=\"clear: both\" \/>\n\t\t<\/div>\n\n","protected":false},"excerpt":{"rendered":"<p>Parce que deux c&rsquo;est souvent mieux que un, voila des renforts pour mes marcheurs pr\u00e9c\u00e9demment peints : un second Cuirassier Nemesis. Je vous \u00e9pargnerai les \u00e9tapes de peinture, elles sont quasiment identiques \u00e0 celles d\u00e9crites lors du pr\u00e9c\u00e9dent article, voici donc quelques images du cuirassier termin\u00e9. Je n&rsquo;ai pas coll\u00e9 la main droite afin de [&hellip;]<\/p>\n","protected":false},"author":2,"featured_media":871,"comment_status":"open","ping_status":"open","sticky":false,"template":"","format":"standard","meta":{"footnotes":""},"categories":[6,3],"tags":[24,43,44,52],"class_list":{"0":"post-870","1":"post","2":"type-post","3":"status-publish","4":"format-standard","5":"has-post-thumbnail","7":"category-c_gris","8":"category-wh40k","9":"tag-chevaliers-gris","10":"tag-soutien","11":"tag-space-marine","12":"tag-warhammer-40-000","13":"czr-hentry"},"views":2635,"_links":{"self":[{"href":"https:\/\/www.atorgael.com\/figurine\/wp-json\/wp\/v2\/posts\/870","targetHints":{"allow":["GET"]}}],"collection":[{"href":"https:\/\/www.atorgael.com\/figurine\/wp-json\/wp\/v2\/posts"}],"about":[{"href":"https:\/\/www.atorgael.com\/figurine\/wp-json\/wp\/v2\/types\/post"}],"author":[{"embeddable":true,"href":"https:\/\/www.atorgael.com\/figurine\/wp-json\/wp\/v2\/users\/2"}],"replies":[{"embeddable":true,"href":"https:\/\/www.atorgael.com\/figurine\/wp-json\/wp\/v2\/comments?post=870"}],"version-history":[{"count":0,"href":"https:\/\/www.atorgael.com\/figurine\/wp-json\/wp\/v2\/posts\/870\/revisions"}],"wp:featuredmedia":[{"embeddable":true,"href":"https:\/\/www.atorgael.com\/figurine\/wp-json\/wp\/v2\/media\/871"}],"wp:attachment":[{"href":"https:\/\/www.atorgael.com\/figurine\/wp-json\/wp\/v2\/media?parent=870"}],"wp:term":[{"taxonomy":"category","embeddable":true,"href":"https:\/\/www.atorgael.com\/figurine\/wp-json\/wp\/v2\/categories?post=870"},{"taxonomy":"post_tag","embeddable":true,"href":"https:\/\/www.atorgael.com\/figurine\/wp-json\/wp\/v2\/tags?post=870"}],"curies":[{"name":"wp","href":"https:\/\/api.w.org\/{rel}","templated":true}]}}