{"id":688,"date":"2013-11-15T09:00:41","date_gmt":"2013-11-15T08:00:41","guid":{"rendered":"http:\/\/www.atorgael.com\/figurines\/?p=688"},"modified":"2014-03-11T11:54:07","modified_gmt":"2014-03-11T10:54:07","slug":"prince-demon-aile","status":"publish","type":"post","link":"https:\/\/www.atorgael.com\/figurine\/prince-demon-aile\/","title":{"rendered":"Prince d\u00e9mon ail\u00e9"},"content":{"rendered":"<p>Vous vous souvenez sans doute d&rsquo;un pr\u00e9c\u00e9dent article pr\u00e9sentant l&rsquo;ouverture de la boite du <a title=\"Prince d\u00e9mon du Chaos\" href=\"http:\/\/www.atorgael.com\/figurines\/?p=676\">Prince-D\u00e9mon du Chaos<\/a>. Voila son petit fr\u00e8re.<\/p>\n<p>L&rsquo;origine de cette figurine vient du constat qu&rsquo;une fois mont\u00e9, il restait un paquet de pi\u00e8ces qui ne servaient \u00e0 rien Ayant horreur du g\u00e2chis, je me suis donc mis en chasse de tout ce qui manquait pour monter une seconde figurine de Prince-D\u00e9mon. Un petit tour sur le net et sur un site d&rsquo;ench\u00e8re plus tard et me voila avec tout ce qu&rsquo;il me faut, \u00e0 savoir :<\/p>\n<ul>\n<li>Un dos &#8211; Une paire de jambes &#8211; Une queue &#8211; Une paire de jambi\u00e8res de protection<\/li>\n<\/ul>\n<p>Le tout pour moins de 15\u20ac, int\u00e9ressant pour un Prince D\u00e9mon. De plus, cette seconde figurine fut l&rsquo;occasion d&rsquo;utiliser les ailes qu&rsquo;il aurait \u00e9t\u00e9 dommage de laisser prendre la poussi\u00e8re.<\/p>\n<p>Et voila le r\u00e9sultat en cours de peinture.<\/p>\n<p><img loading=\"lazy\" decoding=\"async\" class=\"aligncenter size-full wp-image-689\" alt=\"p-demon2-01\" src=\"http:\/\/www.atorgael.com\/figurine\/files\/2013\/05\/p-demon2-01.jpg\" width=\"800\" height=\"583\" srcset=\"https:\/\/www.atorgael.com\/figurine\/files\/2013\/05\/p-demon2-01.jpg 800w, https:\/\/www.atorgael.com\/figurine\/files\/2013\/05\/p-demon2-01-150x109.jpg 150w, https:\/\/www.atorgael.com\/figurine\/files\/2013\/05\/p-demon2-01-300x218.jpg 300w\" sizes=\"auto, (max-width: 800px) 100vw, 800px\" \/><\/p>\n<p>Me voici donc avec un d\u00e9mon pour Warhammer 40.000 et un autre pour Warhammer. Pour le prix, c&rsquo;est une bonne affaire quand m\u00eame.<\/p>\n<p>Il me reste un torse, une t\u00eate et une arme, la tentation est grande pour en faire un 3\u00e8me, mais je vais m\u2019arr\u00eater l\u00e0 ! Normalement&#8230;<\/p>\n<h2>Le retour du d\u00e9mon ail\u00e9<\/h2>\n<p>\u00c7a ferait un bon titre de livre dites donc ! En fait il s&rsquo;agit de la peinture de la bestiole. Termin\u00e9e apr\u00e8s de long mois d&rsquo;errance sur l&rsquo;\u00e9tabli.<\/p>\n<p>Depuis le 26 janvier 2012, date \u00e0 laquelle je vous pr\u00e9sentais la figurine, il y a eu beaucoup de lavis et quelques brossage vite recouverts de lavis.<\/p>\n<p>Le socle est simple, quelques \u00e9l\u00e9ments de soclage de GW, un peu de sable et le tour est jou\u00e9.<\/p>\n\n\t\t<style type=\"text\/css\">\n\t\t\t#gallery-1 {\n\t\t\t\tmargin: auto;\n\t\t\t}\n\t\t\t#gallery-1 .gallery-item {\n\t\t\t\tfloat: left;\n\t\t\t\tmargin-top: 10px;\n\t\t\t\ttext-align: center;\n\t\t\t\twidth: 33%;\n\t\t\t}\n\t\t\t#gallery-1 img {\n\t\t\t\tborder: 2px solid #cfcfcf;\n\t\t\t}\n\t\t\t#gallery-1 .gallery-caption {\n\t\t\t\tmargin-left: 0;\n\t\t\t}\n\t\t\t\/* see gallery_shortcode() in wp-includes\/media.php *\/\n\t\t<\/style>\n\t\t<div id='gallery-1' class='gallery galleryid-688 gallery-columns-3 gallery-size-thumbnail'><dl class='gallery-item'>\n\t\t\t<dt class='gallery-icon portrait'>\n\t\t\t\t<a href='https:\/\/www.atorgael.com\/figurine\/prince-demon-aile\/06demon-aile\/'><img loading=\"lazy\" decoding=\"async\" width=\"146\" height=\"150\" src=\"https:\/\/www.atorgael.com\/figurine\/files\/2013\/11\/06demon-aile-146x150.jpg\" class=\"attachment-thumbnail size-thumbnail\" alt=\"\" srcset=\"https:\/\/www.atorgael.com\/figurine\/files\/2013\/11\/06demon-aile-146x150.jpg 146w, https:\/\/www.atorgael.com\/figurine\/files\/2013\/11\/06demon-aile-292x300.jpg 292w, https:\/\/www.atorgael.com\/figurine\/files\/2013\/11\/06demon-aile.jpg 780w\" sizes=\"auto, (max-width: 146px) 100vw, 146px\" \/><\/a>\n\t\t\t<\/dt><\/dl><dl class='gallery-item'>\n\t\t\t<dt class='gallery-icon portrait'>\n\t\t\t\t<a href='https:\/\/www.atorgael.com\/figurine\/prince-demon-aile\/05demon-aile\/'><img loading=\"lazy\" decoding=\"async\" width=\"140\" height=\"150\" src=\"https:\/\/www.atorgael.com\/figurine\/files\/2013\/11\/05demon-aile-140x150.jpg\" class=\"attachment-thumbnail size-thumbnail\" alt=\"\" srcset=\"https:\/\/www.atorgael.com\/figurine\/files\/2013\/11\/05demon-aile-140x150.jpg 140w, https:\/\/www.atorgael.com\/figurine\/files\/2013\/11\/05demon-aile-280x300.jpg 280w, https:\/\/www.atorgael.com\/figurine\/files\/2013\/11\/05demon-aile.jpg 749w\" sizes=\"auto, (max-width: 140px) 100vw, 140px\" \/><\/a>\n\t\t\t<\/dt><\/dl><dl class='gallery-item'>\n\t\t\t<dt class='gallery-icon portrait'>\n\t\t\t\t<a href='https:\/\/www.atorgael.com\/figurine\/prince-demon-aile\/02demon-aile\/'><img loading=\"lazy\" decoding=\"async\" width=\"144\" height=\"150\" src=\"https:\/\/www.atorgael.com\/figurine\/files\/2013\/11\/02demon-aile-144x150.jpg\" class=\"attachment-thumbnail size-thumbnail\" alt=\"\" srcset=\"https:\/\/www.atorgael.com\/figurine\/files\/2013\/11\/02demon-aile-144x150.jpg 144w, https:\/\/www.atorgael.com\/figurine\/files\/2013\/11\/02demon-aile-288x300.jpg 288w, https:\/\/www.atorgael.com\/figurine\/files\/2013\/11\/02demon-aile.jpg 768w\" sizes=\"auto, (max-width: 144px) 100vw, 144px\" \/><\/a>\n\t\t\t<\/dt><\/dl><br style=\"clear: both\" \/><dl class='gallery-item'>\n\t\t\t<dt class='gallery-icon landscape'>\n\t\t\t\t<a href='https:\/\/www.atorgael.com\/figurine\/prince-demon-aile\/dem-blue\/'><img loading=\"lazy\" decoding=\"async\" width=\"150\" height=\"139\" src=\"https:\/\/www.atorgael.com\/figurine\/files\/2013\/11\/dem-blue-150x139.jpg\" class=\"attachment-thumbnail size-thumbnail\" alt=\"\" srcset=\"https:\/\/www.atorgael.com\/figurine\/files\/2013\/11\/dem-blue-150x139.jpg 150w, https:\/\/www.atorgael.com\/figurine\/files\/2013\/11\/dem-blue-300x279.jpg 300w, https:\/\/www.atorgael.com\/figurine\/files\/2013\/11\/dem-blue.jpg 800w\" sizes=\"auto, (max-width: 150px) 100vw, 150px\" \/><\/a>\n\t\t\t<\/dt><\/dl>\n\t\t\t<br style='clear: both' \/>\n\t\t<\/div>\n\n<p>Comme on dit : \u00e7a, c&rsquo;est fait.<\/p>\n","protected":false},"excerpt":{"rendered":"<p>Vous vous souvenez sans doute d&rsquo;un pr\u00e9c\u00e9dent article pr\u00e9sentant l&rsquo;ouverture de la boite du Prince-D\u00e9mon du Chaos. Voila son petit fr\u00e8re. L&rsquo;origine de cette figurine vient du constat qu&rsquo;une fois mont\u00e9, il restait un paquet de pi\u00e8ces qui ne servaient \u00e0 rien Ayant horreur du g\u00e2chis, je me suis donc mis en chasse de tout [&hellip;]<\/p>\n","protected":false},"author":2,"featured_media":857,"comment_status":"open","ping_status":"open","sticky":false,"template":"","format":"standard","meta":{"footnotes":""},"categories":[5,4],"tags":[26,51],"class_list":{"0":"post-688","1":"post","2":"type-post","3":"status-publish","4":"format-standard","5":"has-post-thumbnail","7":"category-chaos","8":"category-whbat","9":"tag-demon","10":"tag-warhammer","11":"czr-hentry"},"views":2823,"_links":{"self":[{"href":"https:\/\/www.atorgael.com\/figurine\/wp-json\/wp\/v2\/posts\/688","targetHints":{"allow":["GET"]}}],"collection":[{"href":"https:\/\/www.atorgael.com\/figurine\/wp-json\/wp\/v2\/posts"}],"about":[{"href":"https:\/\/www.atorgael.com\/figurine\/wp-json\/wp\/v2\/types\/post"}],"author":[{"embeddable":true,"href":"https:\/\/www.atorgael.com\/figurine\/wp-json\/wp\/v2\/users\/2"}],"replies":[{"embeddable":true,"href":"https:\/\/www.atorgael.com\/figurine\/wp-json\/wp\/v2\/comments?post=688"}],"version-history":[{"count":0,"href":"https:\/\/www.atorgael.com\/figurine\/wp-json\/wp\/v2\/posts\/688\/revisions"}],"wp:featuredmedia":[{"embeddable":true,"href":"https:\/\/www.atorgael.com\/figurine\/wp-json\/wp\/v2\/media\/857"}],"wp:attachment":[{"href":"https:\/\/www.atorgael.com\/figurine\/wp-json\/wp\/v2\/media?parent=688"}],"wp:term":[{"taxonomy":"category","embeddable":true,"href":"https:\/\/www.atorgael.com\/figurine\/wp-json\/wp\/v2\/categories?post=688"},{"taxonomy":"post_tag","embeddable":true,"href":"https:\/\/www.atorgael.com\/figurine\/wp-json\/wp\/v2\/tags?post=688"}],"curies":[{"name":"wp","href":"https:\/\/api.w.org\/{rel}","templated":true}]}}