{"id":579,"date":"2014-03-10T08:00:52","date_gmt":"2014-03-10T07:00:52","guid":{"rendered":"http:\/\/www.atorgael.com\/figurines\/?p=579"},"modified":"2014-03-14T09:34:59","modified_gmt":"2014-03-14T08:34:59","slug":"paladins-chevaliers-gris","status":"publish","type":"post","link":"https:\/\/www.atorgael.com\/figurine\/paladins-chevaliers-gris\/","title":{"rendered":"Paladins Chevaliers Gris"},"content":{"rendered":"<pre style=\"text-align: right;\">Article commenc\u00e9 le 18\/03\/11,\r\npoursuivi le 27\/06\/13,\r\ntermin\u00e9 le 10\/03\/14.<\/pre>\n<p>Quelques semaines apr\u00e8s le d\u00e9barquement des Chevaliers Gris dans les rayons, voici les premi\u00e8res figurines que je me suis amus\u00e9 \u00e0 monter, il s&rsquo;agissait des 3 premiers Paladins de mon arm\u00e9e.<\/p>\n\n\t\t<style type=\"text\/css\">\n\t\t\t#gallery-1 {\n\t\t\t\tmargin: auto;\n\t\t\t}\n\t\t\t#gallery-1 .gallery-item {\n\t\t\t\tfloat: left;\n\t\t\t\tmargin-top: 10px;\n\t\t\t\ttext-align: center;\n\t\t\t\twidth: 33%;\n\t\t\t}\n\t\t\t#gallery-1 img {\n\t\t\t\tborder: 2px solid #cfcfcf;\n\t\t\t}\n\t\t\t#gallery-1 .gallery-caption {\n\t\t\t\tmargin-left: 0;\n\t\t\t}\n\t\t\t\/* see gallery_shortcode() in wp-includes\/media.php *\/\n\t\t<\/style>\n\t\t<div id='gallery-1' class='gallery galleryid-579 gallery-columns-3 gallery-size-thumbnail'><dl class='gallery-item'>\n\t\t\t<dt class='gallery-icon landscape'>\n\t\t\t\t<a href='https:\/\/www.atorgael.com\/figurine\/paladins-chevaliers-gris\/cgjust01\/'><img loading=\"lazy\" decoding=\"async\" width=\"150\" height=\"145\" src=\"https:\/\/www.atorgael.com\/figurine\/files\/2013\/05\/cgjust01-150x145.jpg\" class=\"attachment-thumbnail size-thumbnail\" alt=\"\" aria-describedby=\"gallery-1-581\" srcset=\"https:\/\/www.atorgael.com\/figurine\/files\/2013\/05\/cgjust01-150x145.jpg 150w, https:\/\/www.atorgael.com\/figurine\/files\/2013\/05\/cgjust01-300x290.jpg 300w, https:\/\/www.atorgael.com\/figurine\/files\/2013\/05\/cgjust01-800x773.jpg 800w, https:\/\/www.atorgael.com\/figurine\/files\/2013\/05\/cgjust01.jpg 914w\" sizes=\"auto, (max-width: 150px) 100vw, 150px\" \/><\/a>\n\t\t\t<\/dt>\n\t\t\t\t<dd class='wp-caption-text gallery-caption' id='gallery-1-581'>\n\t\t\t\tJusticar\n\t\t\t\t<\/dd><\/dl><dl class='gallery-item'>\n\t\t\t<dt class='gallery-icon portrait'>\n\t\t\t\t<a href='https:\/\/www.atorgael.com\/figurine\/paladins-chevaliers-gris\/cgdcim01\/'><img loading=\"lazy\" decoding=\"async\" width=\"136\" height=\"150\" src=\"https:\/\/www.atorgael.com\/figurine\/files\/2013\/05\/cgdcim01-136x150.jpg\" class=\"attachment-thumbnail size-thumbnail\" alt=\"\" aria-describedby=\"gallery-1-582\" srcset=\"https:\/\/www.atorgael.com\/figurine\/files\/2013\/05\/cgdcim01-136x150.jpg 136w, https:\/\/www.atorgael.com\/figurine\/files\/2013\/05\/cgdcim01-273x300.jpg 273w, https:\/\/www.atorgael.com\/figurine\/files\/2013\/05\/cgdcim01-728x800.jpg 728w, https:\/\/www.atorgael.com\/figurine\/files\/2013\/05\/cgdcim01.jpg 838w\" sizes=\"auto, (max-width: 136px) 100vw, 136px\" \/><\/a>\n\t\t\t<\/dt>\n\t\t\t\t<dd class='wp-caption-text gallery-caption' id='gallery-1-582'>\n\t\t\t\tDeux glaives\n\t\t\t\t<\/dd><\/dl><dl class='gallery-item'>\n\t\t\t<dt class='gallery-icon landscape'>\n\t\t\t\t<a href='https:\/\/www.atorgael.com\/figurine\/paladins-chevaliers-gris\/cghal01\/'><img loading=\"lazy\" decoding=\"async\" width=\"150\" height=\"144\" src=\"https:\/\/www.atorgael.com\/figurine\/files\/2013\/05\/cghal01-150x144.jpg\" class=\"attachment-thumbnail size-thumbnail\" alt=\"\" aria-describedby=\"gallery-1-580\" srcset=\"https:\/\/www.atorgael.com\/figurine\/files\/2013\/05\/cghal01-150x144.jpg 150w, https:\/\/www.atorgael.com\/figurine\/files\/2013\/05\/cghal01-300x288.jpg 300w, https:\/\/www.atorgael.com\/figurine\/files\/2013\/05\/cghal01-800x768.jpg 800w, https:\/\/www.atorgael.com\/figurine\/files\/2013\/05\/cghal01.jpg 958w\" sizes=\"auto, (max-width: 150px) 100vw, 150px\" \/><\/a>\n\t\t\t<\/dt>\n\t\t\t\t<dd class='wp-caption-text gallery-caption' id='gallery-1-580'>\n\t\t\t\tHallebarde\n\t\t\t\t<\/dd><\/dl><br style=\"clear: both\" \/>\n\t\t<\/div>\n\n<p><em>Personnellement, je suis assez content du dernier avec sa hallebarde lev\u00e9e, pas facile \u00e0 assembler correctement, mais \u00e7a rend pas mal au final !<\/em><\/p>\n<p>Depuis, c&rsquo;est une unit\u00e9 compl\u00e8te qui s&rsquo;est constitu\u00e9e autour de ce premier bloc d&rsquo;armures.<\/p>\n<p>Les paladins sont maintenant au nombre de 8, cette unit\u00e9 comprenant notamment un porteur de la grande banni\u00e8re, un apothicaire et une arme lourde. Viendront s&rsquo;y ajouter une maitre archiviste et Kaldor Draigo ou un <a title=\"Inquisiteurs\" href=\"http:\/\/www.atorgael.com\/figurine\/inquisiteur\/\">inquisiteur de l&rsquo;Ordo Malleus<\/a>. Une bonne grosse unit\u00e9 pleine de points qui devrait faire des ravages.<\/p>\n\n\t\t<style type=\"text\/css\">\n\t\t\t#gallery-2 {\n\t\t\t\tmargin: auto;\n\t\t\t}\n\t\t\t#gallery-2 .gallery-item {\n\t\t\t\tfloat: left;\n\t\t\t\tmargin-top: 10px;\n\t\t\t\ttext-align: center;\n\t\t\t\twidth: 33%;\n\t\t\t}\n\t\t\t#gallery-2 img {\n\t\t\t\tborder: 2px solid #cfcfcf;\n\t\t\t}\n\t\t\t#gallery-2 .gallery-caption {\n\t\t\t\tmargin-left: 0;\n\t\t\t}\n\t\t\t\/* see gallery_shortcode() in wp-includes\/media.php *\/\n\t\t<\/style>\n\t\t<div id='gallery-2' class='gallery galleryid-579 gallery-columns-3 gallery-size-thumbnail'><dl class='gallery-item'>\n\t\t\t<dt class='gallery-icon landscape'>\n\t\t\t\t<a href='https:\/\/www.atorgael.com\/figurine\/paladins-chevaliers-gris\/01-8_paladins\/'><img loading=\"lazy\" decoding=\"async\" width=\"150\" height=\"96\" src=\"https:\/\/www.atorgael.com\/figurine\/files\/2013\/06\/01-8_paladins-150x96.jpg\" class=\"attachment-thumbnail size-thumbnail\" alt=\"\" aria-describedby=\"gallery-2-773\" srcset=\"https:\/\/www.atorgael.com\/figurine\/files\/2013\/06\/01-8_paladins-150x96.jpg 150w, https:\/\/www.atorgael.com\/figurine\/files\/2013\/06\/01-8_paladins-300x193.jpg 300w, https:\/\/www.atorgael.com\/figurine\/files\/2013\/06\/01-8_paladins-800x516.jpg 800w, https:\/\/www.atorgael.com\/figurine\/files\/2013\/06\/01-8_paladins.jpg 1024w\" sizes=\"auto, (max-width: 150px) 100vw, 150px\" \/><\/a>\n\t\t\t<\/dt>\n\t\t\t\t<dd class='wp-caption-text gallery-caption' id='gallery-2-773'>\n\t\t\t\tHuit Paladins\n\t\t\t\t<\/dd><\/dl><dl class='gallery-item'>\n\t\t\t<dt class='gallery-icon landscape'>\n\t\t\t\t<a href='https:\/\/www.atorgael.com\/figurine\/paladins-chevaliers-gris\/02-expurgateur\/'><img loading=\"lazy\" decoding=\"async\" width=\"150\" height=\"112\" src=\"https:\/\/www.atorgael.com\/figurine\/files\/2013\/06\/02-expurgateur-150x112.jpg\" class=\"attachment-thumbnail size-thumbnail\" alt=\"\" aria-describedby=\"gallery-2-774\" srcset=\"https:\/\/www.atorgael.com\/figurine\/files\/2013\/06\/02-expurgateur-150x112.jpg 150w, https:\/\/www.atorgael.com\/figurine\/files\/2013\/06\/02-expurgateur-300x225.jpg 300w, https:\/\/www.atorgael.com\/figurine\/files\/2013\/06\/02-expurgateur-800x601.jpg 800w, https:\/\/www.atorgael.com\/figurine\/files\/2013\/06\/02-expurgateur.jpg 920w\" sizes=\"auto, (max-width: 150px) 100vw, 150px\" \/><\/a>\n\t\t\t<\/dt>\n\t\t\t\t<dd class='wp-caption-text gallery-caption' id='gallery-2-774'>\n\t\t\t\tArme lourde\n\t\t\t\t<\/dd><\/dl><dl class='gallery-item'>\n\t\t\t<dt class='gallery-icon landscape'>\n\t\t\t\t<a href='https:\/\/www.atorgael.com\/figurine\/paladins-chevaliers-gris\/03-hallebarde_2\/'><img loading=\"lazy\" decoding=\"async\" width=\"150\" height=\"146\" src=\"https:\/\/www.atorgael.com\/figurine\/files\/2013\/06\/03-hallebarde_2-150x146.jpg\" class=\"attachment-thumbnail size-thumbnail\" alt=\"\" aria-describedby=\"gallery-2-775\" srcset=\"https:\/\/www.atorgael.com\/figurine\/files\/2013\/06\/03-hallebarde_2-150x146.jpg 150w, https:\/\/www.atorgael.com\/figurine\/files\/2013\/06\/03-hallebarde_2-300x293.jpg 300w, https:\/\/www.atorgael.com\/figurine\/files\/2013\/06\/03-hallebarde_2-800x782.jpg 800w, https:\/\/www.atorgael.com\/figurine\/files\/2013\/06\/03-hallebarde_2.jpg 1024w\" sizes=\"auto, (max-width: 150px) 100vw, 150px\" \/><\/a>\n\t\t\t<\/dt>\n\t\t\t\t<dd class='wp-caption-text gallery-caption' id='gallery-2-775'>\n\t\t\t\tUn autre hallebardier\n\t\t\t\t<\/dd><\/dl><br style=\"clear: both\" \/>\n\t\t<\/div>\n\n<h1>La peinture<\/h1>\n<p>Il est vrai que je m&rsquo;amuse \u00e9norm\u00e9ment \u00e0 monter mes figurines, mais il est temps de passer au gros du travail : la peinture.<\/p>\n<p>La sous-couche est noire, \u00e7a c&rsquo;est facile, une bombe de peinture, un endroit a\u00e9r\u00e9 et c&rsquo;est fini en quelques secondes. Pas le plus dur mais pas le moins important et il est parfois utile de repasser un petit coup sur les zones non atteinte par le c\u00f4ne de peinture noire de la bombe. J&rsquo;ai fait un petit brossage de gris sur la banni\u00e8re pour en faire ressortir les d\u00e9tails, \u00e7a devrait m&rsquo;aider \u00e0 la peindre quand le moment viendra.<\/p>\n\n\t\t<style type=\"text\/css\">\n\t\t\t#gallery-3 {\n\t\t\t\tmargin: auto;\n\t\t\t}\n\t\t\t#gallery-3 .gallery-item {\n\t\t\t\tfloat: left;\n\t\t\t\tmargin-top: 10px;\n\t\t\t\ttext-align: center;\n\t\t\t\twidth: 100%;\n\t\t\t}\n\t\t\t#gallery-3 img {\n\t\t\t\tborder: 2px solid #cfcfcf;\n\t\t\t}\n\t\t\t#gallery-3 .gallery-caption {\n\t\t\t\tmargin-left: 0;\n\t\t\t}\n\t\t\t\/* see gallery_shortcode() in wp-includes\/media.php *\/\n\t\t<\/style>\n\t\t<div id='gallery-3' class='gallery galleryid-579 gallery-columns-1 gallery-size-thumbnail'><dl class='gallery-item'>\n\t\t\t<dt class='gallery-icon landscape'>\n\t\t\t\t<a href='https:\/\/www.atorgael.com\/figurine\/paladins-chevaliers-gris\/04-s-couche-noire\/'><img loading=\"lazy\" decoding=\"async\" width=\"150\" height=\"69\" src=\"https:\/\/www.atorgael.com\/figurine\/files\/2013\/06\/04-s-couche-noire-150x69.jpg\" class=\"attachment-thumbnail size-thumbnail\" alt=\"\" srcset=\"https:\/\/www.atorgael.com\/figurine\/files\/2013\/06\/04-s-couche-noire-150x69.jpg 150w, https:\/\/www.atorgael.com\/figurine\/files\/2013\/06\/04-s-couche-noire-300x138.jpg 300w, https:\/\/www.atorgael.com\/figurine\/files\/2013\/06\/04-s-couche-noire-800x370.jpg 800w, https:\/\/www.atorgael.com\/figurine\/files\/2013\/06\/04-s-couche-noire.jpg 1200w\" sizes=\"auto, (max-width: 150px) 100vw, 150px\" \/><\/a>\n\t\t\t<\/dt><\/dl><br style=\"clear: both\" \/>\n\t\t<\/div>\n\n<p>Premi\u00e8re \u00e9tape : la couche de base. N&rsquo;ayant pas encore investi dans un pistolet \u00e0 peinture \u00e0 cette \u00e9poque, tout a \u00e9t\u00e9 fait artisanalement, figurine par figurine et par groupe de 3. C&rsquo;est long mais indispensable, donc on le fait sans r\u00e2ler.<\/p>\n\n\t\t<style type=\"text\/css\">\n\t\t\t#gallery-4 {\n\t\t\t\tmargin: auto;\n\t\t\t}\n\t\t\t#gallery-4 .gallery-item {\n\t\t\t\tfloat: left;\n\t\t\t\tmargin-top: 10px;\n\t\t\t\ttext-align: center;\n\t\t\t\twidth: 33%;\n\t\t\t}\n\t\t\t#gallery-4 img {\n\t\t\t\tborder: 2px solid #cfcfcf;\n\t\t\t}\n\t\t\t#gallery-4 .gallery-caption {\n\t\t\t\tmargin-left: 0;\n\t\t\t}\n\t\t\t\/* see gallery_shortcode() in wp-includes\/media.php *\/\n\t\t<\/style>\n\t\t<div id='gallery-4' class='gallery galleryid-579 gallery-columns-3 gallery-size-thumbnail'><dl class='gallery-item'>\n\t\t\t<dt class='gallery-icon landscape'>\n\t\t\t\t<a href='https:\/\/www.atorgael.com\/figurine\/paladins-chevaliers-gris\/05-metal1\/'><img loading=\"lazy\" decoding=\"async\" width=\"150\" height=\"96\" src=\"https:\/\/www.atorgael.com\/figurine\/files\/2013\/06\/05-metal1-150x96.jpg\" class=\"attachment-thumbnail size-thumbnail\" alt=\"\" srcset=\"https:\/\/www.atorgael.com\/figurine\/files\/2013\/06\/05-metal1-150x96.jpg 150w, https:\/\/www.atorgael.com\/figurine\/files\/2013\/06\/05-metal1-300x193.jpg 300w, https:\/\/www.atorgael.com\/figurine\/files\/2013\/06\/05-metal1-800x515.jpg 800w, https:\/\/www.atorgael.com\/figurine\/files\/2013\/06\/05-metal1.jpg 1024w\" sizes=\"auto, (max-width: 150px) 100vw, 150px\" \/><\/a>\n\t\t\t<\/dt><\/dl><dl class='gallery-item'>\n\t\t\t<dt class='gallery-icon landscape'>\n\t\t\t\t<a href='https:\/\/www.atorgael.com\/figurine\/paladins-chevaliers-gris\/05-metal2\/'><img loading=\"lazy\" decoding=\"async\" width=\"150\" height=\"103\" src=\"https:\/\/www.atorgael.com\/figurine\/files\/2013\/06\/05-metal2-150x103.jpg\" class=\"attachment-thumbnail size-thumbnail\" alt=\"\" srcset=\"https:\/\/www.atorgael.com\/figurine\/files\/2013\/06\/05-metal2-150x103.jpg 150w, https:\/\/www.atorgael.com\/figurine\/files\/2013\/06\/05-metal2-300x206.jpg 300w, https:\/\/www.atorgael.com\/figurine\/files\/2013\/06\/05-metal2-800x550.jpg 800w, https:\/\/www.atorgael.com\/figurine\/files\/2013\/06\/05-metal2.jpg 1024w\" sizes=\"auto, (max-width: 150px) 100vw, 150px\" \/><\/a>\n\t\t\t<\/dt><\/dl><dl class='gallery-item'>\n\t\t\t<dt class='gallery-icon landscape'>\n\t\t\t\t<a href='https:\/\/www.atorgael.com\/figurine\/paladins-chevaliers-gris\/05-metal3\/'><img loading=\"lazy\" decoding=\"async\" width=\"150\" height=\"99\" src=\"https:\/\/www.atorgael.com\/figurine\/files\/2013\/06\/05-metal3-150x99.jpg\" class=\"attachment-thumbnail size-thumbnail\" alt=\"\" srcset=\"https:\/\/www.atorgael.com\/figurine\/files\/2013\/06\/05-metal3-150x99.jpg 150w, https:\/\/www.atorgael.com\/figurine\/files\/2013\/06\/05-metal3-300x198.jpg 300w, https:\/\/www.atorgael.com\/figurine\/files\/2013\/06\/05-metal3-800x530.jpg 800w, https:\/\/www.atorgael.com\/figurine\/files\/2013\/06\/05-metal3.jpg 1024w\" sizes=\"auto, (max-width: 150px) 100vw, 150px\" \/><\/a>\n\t\t\t<\/dt><\/dl><br style=\"clear: both\" \/>\n\t\t<\/div>\n\n<p>L&rsquo;\u00e9tape suivante est de passer toutes les figurines au lavis bleu. Barbouillage organis\u00e9 par groupe de 3 et on ne pousse pas dans les rangs !<\/p>\n\n\t\t<style type=\"text\/css\">\n\t\t\t#gallery-5 {\n\t\t\t\tmargin: auto;\n\t\t\t}\n\t\t\t#gallery-5 .gallery-item {\n\t\t\t\tfloat: left;\n\t\t\t\tmargin-top: 10px;\n\t\t\t\ttext-align: center;\n\t\t\t\twidth: 33%;\n\t\t\t}\n\t\t\t#gallery-5 img {\n\t\t\t\tborder: 2px solid #cfcfcf;\n\t\t\t}\n\t\t\t#gallery-5 .gallery-caption {\n\t\t\t\tmargin-left: 0;\n\t\t\t}\n\t\t\t\/* see gallery_shortcode() in wp-includes\/media.php *\/\n\t\t<\/style>\n\t\t<div id='gallery-5' class='gallery galleryid-579 gallery-columns-3 gallery-size-thumbnail'><dl class='gallery-item'>\n\t\t\t<dt class='gallery-icon landscape'>\n\t\t\t\t<a href='https:\/\/www.atorgael.com\/figurine\/paladins-chevaliers-gris\/06-bleu1\/'><img loading=\"lazy\" decoding=\"async\" width=\"150\" height=\"87\" src=\"https:\/\/www.atorgael.com\/figurine\/files\/2013\/06\/06-bleu1-150x87.jpg\" class=\"attachment-thumbnail size-thumbnail\" alt=\"\" srcset=\"https:\/\/www.atorgael.com\/figurine\/files\/2013\/06\/06-bleu1-150x87.jpg 150w, https:\/\/www.atorgael.com\/figurine\/files\/2013\/06\/06-bleu1-300x174.jpg 300w, https:\/\/www.atorgael.com\/figurine\/files\/2013\/06\/06-bleu1-800x465.jpg 800w, https:\/\/www.atorgael.com\/figurine\/files\/2013\/06\/06-bleu1.jpg 1024w\" sizes=\"auto, (max-width: 150px) 100vw, 150px\" \/><\/a>\n\t\t\t<\/dt><\/dl><dl class='gallery-item'>\n\t\t\t<dt class='gallery-icon landscape'>\n\t\t\t\t<a href='https:\/\/www.atorgael.com\/figurine\/paladins-chevaliers-gris\/06-bleu2\/'><img loading=\"lazy\" decoding=\"async\" width=\"150\" height=\"108\" src=\"https:\/\/www.atorgael.com\/figurine\/files\/2013\/06\/06-bleu2-150x108.jpg\" class=\"attachment-thumbnail size-thumbnail\" alt=\"\" srcset=\"https:\/\/www.atorgael.com\/figurine\/files\/2013\/06\/06-bleu2-150x108.jpg 150w, https:\/\/www.atorgael.com\/figurine\/files\/2013\/06\/06-bleu2-300x216.jpg 300w, https:\/\/www.atorgael.com\/figurine\/files\/2013\/06\/06-bleu2-800x577.jpg 800w, https:\/\/www.atorgael.com\/figurine\/files\/2013\/06\/06-bleu2.jpg 1000w\" sizes=\"auto, (max-width: 150px) 100vw, 150px\" \/><\/a>\n\t\t\t<\/dt><\/dl><dl class='gallery-item'>\n\t\t\t<dt class='gallery-icon landscape'>\n\t\t\t\t<a href='https:\/\/www.atorgael.com\/figurine\/paladins-chevaliers-gris\/06-bleu3\/'><img loading=\"lazy\" decoding=\"async\" width=\"150\" height=\"62\" src=\"https:\/\/www.atorgael.com\/figurine\/files\/2013\/06\/06-bleu3-150x62.jpg\" class=\"attachment-thumbnail size-thumbnail\" alt=\"\" srcset=\"https:\/\/www.atorgael.com\/figurine\/files\/2013\/06\/06-bleu3-150x62.jpg 150w, https:\/\/www.atorgael.com\/figurine\/files\/2013\/06\/06-bleu3-300x125.jpg 300w, https:\/\/www.atorgael.com\/figurine\/files\/2013\/06\/06-bleu3-800x333.jpg 800w, https:\/\/www.atorgael.com\/figurine\/files\/2013\/06\/06-bleu3.jpg 1024w\" sizes=\"auto, (max-width: 150px) 100vw, 150px\" \/><\/a>\n\t\t\t<\/dt><\/dl><br style=\"clear: both\" \/>\n\t\t<\/div>\n\n<p>Le m\u00e9tal est maintenant bien couvert de bleu, il va falloir le faire ressortir en gardant une teinte bleut\u00e9e sur l&rsquo;armure. C&rsquo;est donc le tour du brossage. Op\u00e9ration un peu plus pr\u00e9cise que le lavis : pas trop, ni trop peu pour garder le bleu dans les creux et sur les surface mais en donnant cette impression d&rsquo;armure m\u00e9tallique. L&rsquo;accent est port\u00e9 sur les armures, les armes viendront apr\u00e8s.<\/p>\n\n\t\t<style type=\"text\/css\">\n\t\t\t#gallery-6 {\n\t\t\t\tmargin: auto;\n\t\t\t}\n\t\t\t#gallery-6 .gallery-item {\n\t\t\t\tfloat: left;\n\t\t\t\tmargin-top: 10px;\n\t\t\t\ttext-align: center;\n\t\t\t\twidth: 50%;\n\t\t\t}\n\t\t\t#gallery-6 img {\n\t\t\t\tborder: 2px solid #cfcfcf;\n\t\t\t}\n\t\t\t#gallery-6 .gallery-caption {\n\t\t\t\tmargin-left: 0;\n\t\t\t}\n\t\t\t\/* see gallery_shortcode() in wp-includes\/media.php *\/\n\t\t<\/style>\n\t\t<div id='gallery-6' class='gallery galleryid-579 gallery-columns-2 gallery-size-thumbnail'><dl class='gallery-item'>\n\t\t\t<dt class='gallery-icon landscape'>\n\t\t\t\t<a href='https:\/\/www.atorgael.com\/figurine\/paladins-chevaliers-gris\/07bross1\/'><img loading=\"lazy\" decoding=\"async\" width=\"150\" height=\"97\" src=\"https:\/\/www.atorgael.com\/figurine\/files\/2013\/06\/07bross1-150x97.jpg\" class=\"attachment-thumbnail size-thumbnail\" alt=\"\" srcset=\"https:\/\/www.atorgael.com\/figurine\/files\/2013\/06\/07bross1-150x97.jpg 150w, https:\/\/www.atorgael.com\/figurine\/files\/2013\/06\/07bross1-300x194.jpg 300w, https:\/\/www.atorgael.com\/figurine\/files\/2013\/06\/07bross1-800x519.jpg 800w, https:\/\/www.atorgael.com\/figurine\/files\/2013\/06\/07bross1.jpg 1024w\" sizes=\"auto, (max-width: 150px) 100vw, 150px\" \/><\/a>\n\t\t\t<\/dt><\/dl><dl class='gallery-item'>\n\t\t\t<dt class='gallery-icon landscape'>\n\t\t\t\t<a href='https:\/\/www.atorgael.com\/figurine\/paladins-chevaliers-gris\/07bross2\/'><img loading=\"lazy\" decoding=\"async\" width=\"150\" height=\"110\" src=\"https:\/\/www.atorgael.com\/figurine\/files\/2013\/06\/07bross2-150x110.jpg\" class=\"attachment-thumbnail size-thumbnail\" alt=\"\" srcset=\"https:\/\/www.atorgael.com\/figurine\/files\/2013\/06\/07bross2-150x110.jpg 150w, https:\/\/www.atorgael.com\/figurine\/files\/2013\/06\/07bross2-300x221.jpg 300w, https:\/\/www.atorgael.com\/figurine\/files\/2013\/06\/07bross2-800x589.jpg 800w, https:\/\/www.atorgael.com\/figurine\/files\/2013\/06\/07bross2.jpg 1024w\" sizes=\"auto, (max-width: 150px) 100vw, 150px\" \/><\/a>\n\t\t\t<\/dt><\/dl><br style=\"clear: both\" \/>\n\t\t<\/div>\n\n<p>Le m\u00e9tal c&rsquo;est beau, mais \u00e7a manque de couleur. Pour ajouter de la joie et de la gait\u00e9, viennent les dorures sur tout ce qui est inscriptions et autres d\u00e9tails parsemant les armures.<\/p>\n\n\t\t<style type=\"text\/css\">\n\t\t\t#gallery-7 {\n\t\t\t\tmargin: auto;\n\t\t\t}\n\t\t\t#gallery-7 .gallery-item {\n\t\t\t\tfloat: left;\n\t\t\t\tmargin-top: 10px;\n\t\t\t\ttext-align: center;\n\t\t\t\twidth: 50%;\n\t\t\t}\n\t\t\t#gallery-7 img {\n\t\t\t\tborder: 2px solid #cfcfcf;\n\t\t\t}\n\t\t\t#gallery-7 .gallery-caption {\n\t\t\t\tmargin-left: 0;\n\t\t\t}\n\t\t\t\/* see gallery_shortcode() in wp-includes\/media.php *\/\n\t\t<\/style>\n\t\t<div id='gallery-7' class='gallery galleryid-579 gallery-columns-2 gallery-size-thumbnail'><dl class='gallery-item'>\n\t\t\t<dt class='gallery-icon portrait'>\n\t\t\t\t<a href='https:\/\/www.atorgael.com\/figurine\/paladins-chevaliers-gris\/08or1\/'><img loading=\"lazy\" decoding=\"async\" width=\"108\" height=\"150\" src=\"https:\/\/www.atorgael.com\/figurine\/files\/2013\/06\/08or1-108x150.jpg\" class=\"attachment-thumbnail size-thumbnail\" alt=\"\" srcset=\"https:\/\/www.atorgael.com\/figurine\/files\/2013\/06\/08or1-108x150.jpg 108w, https:\/\/www.atorgael.com\/figurine\/files\/2013\/06\/08or1-216x300.jpg 216w, https:\/\/www.atorgael.com\/figurine\/files\/2013\/06\/08or1-577x800.jpg 577w, https:\/\/www.atorgael.com\/figurine\/files\/2013\/06\/08or1.jpg 739w\" sizes=\"auto, (max-width: 108px) 100vw, 108px\" \/><\/a>\n\t\t\t<\/dt><\/dl><dl class='gallery-item'>\n\t\t\t<dt class='gallery-icon portrait'>\n\t\t\t\t<a href='https:\/\/www.atorgael.com\/figurine\/paladins-chevaliers-gris\/08or2\/'><img loading=\"lazy\" decoding=\"async\" width=\"96\" height=\"150\" src=\"https:\/\/www.atorgael.com\/figurine\/files\/2013\/06\/08or2-96x150.jpg\" class=\"attachment-thumbnail size-thumbnail\" alt=\"\" srcset=\"https:\/\/www.atorgael.com\/figurine\/files\/2013\/06\/08or2-96x150.jpg 96w, https:\/\/www.atorgael.com\/figurine\/files\/2013\/06\/08or2-193x300.jpg 193w, https:\/\/www.atorgael.com\/figurine\/files\/2013\/06\/08or2-517x800.jpg 517w\" sizes=\"auto, (max-width: 96px) 100vw, 96px\" \/><\/a>\n\t\t\t<\/dt><\/dl><br style=\"clear: both\" \/>\n\t\t<\/div>\n\n<p>Une fois tous les m\u00e9taux pos\u00e9s, viennent les premiers d\u00e9tails en couleur, ici ce sont les sceaux de puret\u00e9 et tous les livres et parchemins qui sont pos\u00e9s sur les armures. Et il y en a un paquet.<\/p>\n<p>Voila o\u00f9 en sont mes Paladins Chevaliers Gris pour le moment, les finitions se font attendre mais on y arrivera&#8230;<\/p>\n\n\t\t<style type=\"text\/css\">\n\t\t\t#gallery-8 {\n\t\t\t\tmargin: auto;\n\t\t\t}\n\t\t\t#gallery-8 .gallery-item {\n\t\t\t\tfloat: left;\n\t\t\t\tmargin-top: 10px;\n\t\t\t\ttext-align: center;\n\t\t\t\twidth: 33%;\n\t\t\t}\n\t\t\t#gallery-8 img {\n\t\t\t\tborder: 2px solid #cfcfcf;\n\t\t\t}\n\t\t\t#gallery-8 .gallery-caption {\n\t\t\t\tmargin-left: 0;\n\t\t\t}\n\t\t\t\/* see gallery_shortcode() in wp-includes\/media.php *\/\n\t\t<\/style>\n\t\t<div id='gallery-8' class='gallery galleryid-579 gallery-columns-3 gallery-size-thumbnail'><dl class='gallery-item'>\n\t\t\t<dt class='gallery-icon landscape'>\n\t\t\t\t<a href='https:\/\/www.atorgael.com\/figurine\/paladins-chevaliers-gris\/09details2\/'><img loading=\"lazy\" decoding=\"async\" width=\"150\" height=\"106\" src=\"https:\/\/www.atorgael.com\/figurine\/files\/2013\/06\/09details2-150x106.jpg\" class=\"attachment-thumbnail size-thumbnail\" alt=\"\" srcset=\"https:\/\/www.atorgael.com\/figurine\/files\/2013\/06\/09details2-150x106.jpg 150w, https:\/\/www.atorgael.com\/figurine\/files\/2013\/06\/09details2-300x212.jpg 300w, https:\/\/www.atorgael.com\/figurine\/files\/2013\/06\/09details2-800x566.jpg 800w, https:\/\/www.atorgael.com\/figurine\/files\/2013\/06\/09details2.jpg 980w\" sizes=\"auto, (max-width: 150px) 100vw, 150px\" \/><\/a>\n\t\t\t<\/dt><\/dl><dl class='gallery-item'>\n\t\t\t<dt class='gallery-icon landscape'>\n\t\t\t\t<a href='https:\/\/www.atorgael.com\/figurine\/paladins-chevaliers-gris\/09details3\/'><img loading=\"lazy\" decoding=\"async\" width=\"150\" height=\"76\" src=\"https:\/\/www.atorgael.com\/figurine\/files\/2013\/06\/09details3-150x76.jpg\" class=\"attachment-thumbnail size-thumbnail\" alt=\"\" srcset=\"https:\/\/www.atorgael.com\/figurine\/files\/2013\/06\/09details3-150x76.jpg 150w, https:\/\/www.atorgael.com\/figurine\/files\/2013\/06\/09details3-300x152.jpg 300w, https:\/\/www.atorgael.com\/figurine\/files\/2013\/06\/09details3-800x405.jpg 800w, https:\/\/www.atorgael.com\/figurine\/files\/2013\/06\/09details3.jpg 1024w\" sizes=\"auto, (max-width: 150px) 100vw, 150px\" \/><\/a>\n\t\t\t<\/dt><\/dl><dl class='gallery-item'>\n\t\t\t<dt class='gallery-icon landscape'>\n\t\t\t\t<a href='https:\/\/www.atorgael.com\/figurine\/paladins-chevaliers-gris\/09details1\/'><img loading=\"lazy\" decoding=\"async\" width=\"150\" height=\"97\" src=\"https:\/\/www.atorgael.com\/figurine\/files\/2013\/06\/09details1-150x97.jpg\" class=\"attachment-thumbnail size-thumbnail\" alt=\"\" srcset=\"https:\/\/www.atorgael.com\/figurine\/files\/2013\/06\/09details1-150x97.jpg 150w, https:\/\/www.atorgael.com\/figurine\/files\/2013\/06\/09details1-300x195.jpg 300w, https:\/\/www.atorgael.com\/figurine\/files\/2013\/06\/09details1-800x522.jpg 800w, https:\/\/www.atorgael.com\/figurine\/files\/2013\/06\/09details1.jpg 1024w\" sizes=\"auto, (max-width: 150px) 100vw, 150px\" \/><\/a>\n\t\t\t<\/dt><\/dl><br style=\"clear: both\" \/>\n\t\t<\/div>\n\n<p>La peinture des paladins s&rsquo;est poursuivie cet \u00e9t\u00e9 avec quelques d\u00e9tails comme les socles et les lames. Ls m\u00e9taux ont \u00e9t\u00e9 un peu repris pour tout uniformiser et corriger quelques d\u00e9fauts, m\u00eame s&rsquo;il en reste encore&#8230;<\/p>\n<p>Autre point qui me faisait un peu peur : la banni\u00e8re. C\u00a0\u00bbest pas \u00e9vident \u00e9vident mais on s&rsquo;en contentera pour le moment, corrections et finitions \u00e0 venir.<\/p>\n\n\t\t<style type=\"text\/css\">\n\t\t\t#gallery-9 {\n\t\t\t\tmargin: auto;\n\t\t\t}\n\t\t\t#gallery-9 .gallery-item {\n\t\t\t\tfloat: left;\n\t\t\t\tmargin-top: 10px;\n\t\t\t\ttext-align: center;\n\t\t\t\twidth: 33%;\n\t\t\t}\n\t\t\t#gallery-9 img {\n\t\t\t\tborder: 2px solid #cfcfcf;\n\t\t\t}\n\t\t\t#gallery-9 .gallery-caption {\n\t\t\t\tmargin-left: 0;\n\t\t\t}\n\t\t\t\/* see gallery_shortcode() in wp-includes\/media.php *\/\n\t\t<\/style>\n\t\t<div id='gallery-9' class='gallery galleryid-579 gallery-columns-3 gallery-size-thumbnail'><dl class='gallery-item'>\n\t\t\t<dt class='gallery-icon landscape'>\n\t\t\t\t<a href='https:\/\/www.atorgael.com\/figurine\/paladins-chevaliers-gris\/10hallebarde\/'><img loading=\"lazy\" decoding=\"async\" width=\"150\" height=\"117\" src=\"https:\/\/www.atorgael.com\/figurine\/files\/2013\/06\/10hallebarde-150x117.jpg\" class=\"attachment-thumbnail size-thumbnail\" alt=\"\" srcset=\"https:\/\/www.atorgael.com\/figurine\/files\/2013\/06\/10hallebarde-150x117.jpg 150w, https:\/\/www.atorgael.com\/figurine\/files\/2013\/06\/10hallebarde-300x234.jpg 300w, https:\/\/www.atorgael.com\/figurine\/files\/2013\/06\/10hallebarde-800x625.jpg 800w, https:\/\/www.atorgael.com\/figurine\/files\/2013\/06\/10hallebarde.jpg 900w\" sizes=\"auto, (max-width: 150px) 100vw, 150px\" \/><\/a>\n\t\t\t<\/dt><\/dl><dl class='gallery-item'>\n\t\t\t<dt class='gallery-icon landscape'>\n\t\t\t\t<a href='https:\/\/www.atorgael.com\/figurine\/paladins-chevaliers-gris\/10details1\/'><img loading=\"lazy\" decoding=\"async\" width=\"150\" height=\"104\" src=\"https:\/\/www.atorgael.com\/figurine\/files\/2013\/06\/10details1-150x104.jpg\" class=\"attachment-thumbnail size-thumbnail\" alt=\"\" srcset=\"https:\/\/www.atorgael.com\/figurine\/files\/2013\/06\/10details1-150x104.jpg 150w, https:\/\/www.atorgael.com\/figurine\/files\/2013\/06\/10details1-300x209.jpg 300w, https:\/\/www.atorgael.com\/figurine\/files\/2013\/06\/10details1-800x557.jpg 800w, https:\/\/www.atorgael.com\/figurine\/files\/2013\/06\/10details1.jpg 900w\" sizes=\"auto, (max-width: 150px) 100vw, 150px\" \/><\/a>\n\t\t\t<\/dt><\/dl><dl class='gallery-item'>\n\t\t\t<dt class='gallery-icon landscape'>\n\t\t\t\t<a href='https:\/\/www.atorgael.com\/figurine\/paladins-chevaliers-gris\/11soclage1\/'><img loading=\"lazy\" decoding=\"async\" width=\"150\" height=\"103\" src=\"https:\/\/www.atorgael.com\/figurine\/files\/2013\/06\/11soclage1-150x103.jpg\" class=\"attachment-thumbnail size-thumbnail\" alt=\"\" srcset=\"https:\/\/www.atorgael.com\/figurine\/files\/2013\/06\/11soclage1-150x103.jpg 150w, https:\/\/www.atorgael.com\/figurine\/files\/2013\/06\/11soclage1-300x207.jpg 300w, https:\/\/www.atorgael.com\/figurine\/files\/2013\/06\/11soclage1-800x552.jpg 800w, https:\/\/www.atorgael.com\/figurine\/files\/2013\/06\/11soclage1.jpg 900w\" sizes=\"auto, (max-width: 150px) 100vw, 150px\" \/><\/a>\n\t\t\t<\/dt><\/dl><br style=\"clear: both\" \/><dl class='gallery-item'>\n\t\t\t<dt class='gallery-icon portrait'>\n\t\t\t\t<a href='https:\/\/www.atorgael.com\/figurine\/paladins-chevaliers-gris\/10banniere\/'><img loading=\"lazy\" decoding=\"async\" width=\"94\" height=\"150\" src=\"https:\/\/www.atorgael.com\/figurine\/files\/2013\/06\/10banniere-94x150.jpg\" class=\"attachment-thumbnail size-thumbnail\" alt=\"\" srcset=\"https:\/\/www.atorgael.com\/figurine\/files\/2013\/06\/10banniere-94x150.jpg 94w, https:\/\/www.atorgael.com\/figurine\/files\/2013\/06\/10banniere-188x300.jpg 188w, https:\/\/www.atorgael.com\/figurine\/files\/2013\/06\/10banniere-503x800.jpg 503w, https:\/\/www.atorgael.com\/figurine\/files\/2013\/06\/10banniere.jpg 645w\" sizes=\"auto, (max-width: 94px) 100vw, 94px\" \/><\/a>\n\t\t\t<\/dt><\/dl>\n\t\t\t<br style='clear: both' \/>\n\t\t<\/div>\n\n<h2 style=\"text-align: left;\">Images de fin<\/h2>\n<p>L&rsquo;escouade est termin\u00e9e, voici quelques images de ces fiers d\u00e9fenseurs de l&rsquo;Imperium.<\/p>\n\n\t\t<style type=\"text\/css\">\n\t\t\t#gallery-10 {\n\t\t\t\tmargin: auto;\n\t\t\t}\n\t\t\t#gallery-10 .gallery-item {\n\t\t\t\tfloat: left;\n\t\t\t\tmargin-top: 10px;\n\t\t\t\ttext-align: center;\n\t\t\t\twidth: 33%;\n\t\t\t}\n\t\t\t#gallery-10 img {\n\t\t\t\tborder: 2px solid #cfcfcf;\n\t\t\t}\n\t\t\t#gallery-10 .gallery-caption {\n\t\t\t\tmargin-left: 0;\n\t\t\t}\n\t\t\t\/* see gallery_shortcode() in wp-includes\/media.php *\/\n\t\t<\/style>\n\t\t<div id='gallery-10' class='gallery galleryid-579 gallery-columns-3 gallery-size-thumbnail'><dl class='gallery-item'>\n\t\t\t<dt class='gallery-icon landscape'>\n\t\t\t\t<a href='https:\/\/www.atorgael.com\/figurine\/paladins-chevaliers-gris\/grd-mstr-cg01\/'><img loading=\"lazy\" decoding=\"async\" width=\"150\" height=\"104\" src=\"https:\/\/www.atorgael.com\/figurine\/files\/2013\/10\/Grd-mstr-CG01-150x104.jpg\" class=\"attachment-thumbnail size-thumbnail\" alt=\"\" aria-describedby=\"gallery-10-858\" srcset=\"https:\/\/www.atorgael.com\/figurine\/files\/2013\/10\/Grd-mstr-CG01-150x104.jpg 150w, https:\/\/www.atorgael.com\/figurine\/files\/2013\/10\/Grd-mstr-CG01-300x208.jpg 300w, https:\/\/www.atorgael.com\/figurine\/files\/2013\/10\/Grd-mstr-CG01.jpg 800w\" sizes=\"auto, (max-width: 150px) 100vw, 150px\" \/><\/a>\n\t\t\t<\/dt>\n\t\t\t\t<dd class='wp-caption-text gallery-caption' id='gallery-10-858'>\n\t\t\t\tGrand Maitre\n\t\t\t\t<\/dd><\/dl><dl class='gallery-item'>\n\t\t\t<dt class='gallery-icon portrait'>\n\t\t\t\t<a href='https:\/\/www.atorgael.com\/figurine\/paladins-chevaliers-gris\/cg-archiv00\/'><img loading=\"lazy\" decoding=\"async\" width=\"145\" height=\"150\" src=\"https:\/\/www.atorgael.com\/figurine\/files\/2013\/10\/CG-archiv00-145x150.jpg\" class=\"attachment-thumbnail size-thumbnail\" alt=\"\" aria-describedby=\"gallery-10-862\" srcset=\"https:\/\/www.atorgael.com\/figurine\/files\/2013\/10\/CG-archiv00-145x150.jpg 145w, https:\/\/www.atorgael.com\/figurine\/files\/2013\/10\/CG-archiv00-291x300.jpg 291w, https:\/\/www.atorgael.com\/figurine\/files\/2013\/10\/CG-archiv00.jpg 778w\" sizes=\"auto, (max-width: 145px) 100vw, 145px\" \/><\/a>\n\t\t\t<\/dt>\n\t\t\t\t<dd class='wp-caption-text gallery-caption' id='gallery-10-862'>\n\t\t\t\tArchiviste\n\t\t\t\t<\/dd><\/dl><dl class='gallery-item'>\n\t\t\t<dt class='gallery-icon portrait'>\n\t\t\t\t<a href='https:\/\/www.atorgael.com\/figurine\/paladins-chevaliers-gris\/justicar01\/'><img loading=\"lazy\" decoding=\"async\" width=\"137\" height=\"150\" src=\"https:\/\/www.atorgael.com\/figurine\/files\/2013\/10\/justicar01-137x150.jpg\" class=\"attachment-thumbnail size-thumbnail\" alt=\"\" aria-describedby=\"gallery-10-859\" srcset=\"https:\/\/www.atorgael.com\/figurine\/files\/2013\/10\/justicar01-137x150.jpg 137w, https:\/\/www.atorgael.com\/figurine\/files\/2013\/10\/justicar01-275x300.jpg 275w, https:\/\/www.atorgael.com\/figurine\/files\/2013\/10\/justicar01.jpg 735w\" sizes=\"auto, (max-width: 137px) 100vw, 137px\" \/><\/a>\n\t\t\t<\/dt>\n\t\t\t\t<dd class='wp-caption-text gallery-caption' id='gallery-10-859'>\n\t\t\t\tJusticar\n\t\t\t\t<\/dd><\/dl><br style=\"clear: both\" \/><dl class='gallery-item'>\n\t\t\t<dt class='gallery-icon portrait'>\n\t\t\t\t<a href='https:\/\/www.atorgael.com\/figurine\/paladins-chevaliers-gris\/banner01\/'><img loading=\"lazy\" decoding=\"async\" width=\"150\" height=\"150\" src=\"https:\/\/www.atorgael.com\/figurine\/files\/2013\/10\/banner01-150x150.jpg\" class=\"attachment-thumbnail size-thumbnail\" alt=\"\" aria-describedby=\"gallery-10-861\" srcset=\"https:\/\/www.atorgael.com\/figurine\/files\/2013\/10\/banner01-150x150.jpg 150w, https:\/\/www.atorgael.com\/figurine\/files\/2013\/10\/banner01-298x300.jpg 298w, https:\/\/www.atorgael.com\/figurine\/files\/2013\/10\/banner01.jpg 795w\" sizes=\"auto, (max-width: 150px) 100vw, 150px\" \/><\/a>\n\t\t\t<\/dt>\n\t\t\t\t<dd class='wp-caption-text gallery-caption' id='gallery-10-861'>\n\t\t\t\tBanni\u00e8re de confr\u00e9rie\n\t\t\t\t<\/dd><\/dl><dl class='gallery-item'>\n\t\t\t<dt class='gallery-icon landscape'>\n\t\t\t\t<a href='https:\/\/www.atorgael.com\/figurine\/paladins-chevaliers-gris\/justicar02\/'><img loading=\"lazy\" decoding=\"async\" width=\"150\" height=\"70\" src=\"https:\/\/www.atorgael.com\/figurine\/files\/2013\/10\/justicar02-150x70.jpg\" class=\"attachment-thumbnail size-thumbnail\" alt=\"\" srcset=\"https:\/\/www.atorgael.com\/figurine\/files\/2013\/10\/justicar02-150x70.jpg 150w, https:\/\/www.atorgael.com\/figurine\/files\/2013\/10\/justicar02-300x141.jpg 300w, https:\/\/www.atorgael.com\/figurine\/files\/2013\/10\/justicar02.jpg 800w\" sizes=\"auto, (max-width: 150px) 100vw, 150px\" \/><\/a>\n\t\t\t<\/dt><\/dl><dl class='gallery-item'>\n\t\t\t<dt class='gallery-icon landscape'>\n\t\t\t\t<a href='https:\/\/www.atorgael.com\/figurine\/paladins-chevaliers-gris\/cg-termi-archiv00\/'><img loading=\"lazy\" decoding=\"async\" width=\"150\" height=\"75\" src=\"https:\/\/www.atorgael.com\/figurine\/files\/2013\/10\/CG-termi-archiv00-150x75.jpg\" class=\"attachment-thumbnail size-thumbnail\" alt=\"\" srcset=\"https:\/\/www.atorgael.com\/figurine\/files\/2013\/10\/CG-termi-archiv00-150x75.jpg 150w, https:\/\/www.atorgael.com\/figurine\/files\/2013\/10\/CG-termi-archiv00-300x151.jpg 300w, https:\/\/www.atorgael.com\/figurine\/files\/2013\/10\/CG-termi-archiv00.jpg 800w\" sizes=\"auto, (max-width: 150px) 100vw, 150px\" \/><\/a>\n\t\t\t<\/dt><\/dl><br style=\"clear: both\" \/><dl class='gallery-item'>\n\t\t\t<dt class='gallery-icon landscape'>\n\t\t\t\t<a href='https:\/\/www.atorgael.com\/figurine\/paladins-chevaliers-gris\/cg-termis01\/'><img loading=\"lazy\" decoding=\"async\" width=\"150\" height=\"78\" src=\"https:\/\/www.atorgael.com\/figurine\/files\/2013\/10\/CG-termis01-150x78.jpg\" class=\"attachment-thumbnail size-thumbnail\" alt=\"\" srcset=\"https:\/\/www.atorgael.com\/figurine\/files\/2013\/10\/CG-termis01-150x78.jpg 150w, https:\/\/www.atorgael.com\/figurine\/files\/2013\/10\/CG-termis01-300x157.jpg 300w, https:\/\/www.atorgael.com\/figurine\/files\/2013\/10\/CG-termis01.jpg 800w\" sizes=\"auto, (max-width: 150px) 100vw, 150px\" \/><\/a>\n\t\t\t<\/dt><\/dl><dl class='gallery-item'>\n\t\t\t<dt class='gallery-icon landscape'>\n\t\t\t\t<a href='https:\/\/www.atorgael.com\/figurine\/paladins-chevaliers-gris\/cg-termis02\/'><img loading=\"lazy\" decoding=\"async\" width=\"150\" height=\"72\" src=\"https:\/\/www.atorgael.com\/figurine\/files\/2013\/10\/CG-termis02-150x72.jpg\" class=\"attachment-thumbnail size-thumbnail\" alt=\"\" srcset=\"https:\/\/www.atorgael.com\/figurine\/files\/2013\/10\/CG-termis02-150x72.jpg 150w, https:\/\/www.atorgael.com\/figurine\/files\/2013\/10\/CG-termis02-300x144.jpg 300w, https:\/\/www.atorgael.com\/figurine\/files\/2013\/10\/CG-termis02.jpg 800w\" sizes=\"auto, (max-width: 150px) 100vw, 150px\" \/><\/a>\n\t\t\t<\/dt><\/dl><dl class='gallery-item'>\n\t\t\t<dt class='gallery-icon landscape'>\n\t\t\t\t<a href='https:\/\/www.atorgael.com\/figurine\/paladins-chevaliers-gris\/cg-termis03\/'><img loading=\"lazy\" decoding=\"async\" width=\"150\" height=\"91\" src=\"https:\/\/www.atorgael.com\/figurine\/files\/2013\/10\/CG-termis03-150x91.jpg\" class=\"attachment-thumbnail size-thumbnail\" alt=\"\" srcset=\"https:\/\/www.atorgael.com\/figurine\/files\/2013\/10\/CG-termis03-150x91.jpg 150w, https:\/\/www.atorgael.com\/figurine\/files\/2013\/10\/CG-termis03-300x182.jpg 300w, https:\/\/www.atorgael.com\/figurine\/files\/2013\/10\/CG-termis03.jpg 800w\" sizes=\"auto, (max-width: 150px) 100vw, 150px\" \/><\/a>\n\t\t\t<\/dt><\/dl><br style=\"clear: both\" \/>\n\t\t<\/div>\n\n","protected":false},"excerpt":{"rendered":"<p>Article commenc\u00e9 le 18\/03\/11, poursuivi le 27\/06\/13, termin\u00e9 le 10\/03\/14. Quelques semaines apr\u00e8s le d\u00e9barquement des Chevaliers Gris dans les rayons, voici les premi\u00e8res figurines que je me suis amus\u00e9 \u00e0 monter, il s&rsquo;agissait des 3 premiers Paladins de mon arm\u00e9e. Personnellement, je suis assez content du dernier avec sa hallebarde lev\u00e9e, pas facile \u00e0 [&hellip;]<\/p>\n","protected":false},"author":2,"featured_media":864,"comment_status":"open","ping_status":"open","sticky":false,"template":"","format":"standard","meta":{"footnotes":""},"categories":[6,3],"tags":[24,28,36,44,52],"class_list":{"0":"post-579","1":"post","2":"type-post","3":"status-publish","4":"format-standard","5":"has-post-thumbnail","7":"category-c_gris","8":"category-wh40k","9":"tag-chevaliers-gris","10":"tag-elite","11":"tag-paladins","12":"tag-space-marine","13":"tag-warhammer-40-000","14":"czr-hentry"},"views":2956,"_links":{"self":[{"href":"https:\/\/www.atorgael.com\/figurine\/wp-json\/wp\/v2\/posts\/579","targetHints":{"allow":["GET"]}}],"collection":[{"href":"https:\/\/www.atorgael.com\/figurine\/wp-json\/wp\/v2\/posts"}],"about":[{"href":"https:\/\/www.atorgael.com\/figurine\/wp-json\/wp\/v2\/types\/post"}],"author":[{"embeddable":true,"href":"https:\/\/www.atorgael.com\/figurine\/wp-json\/wp\/v2\/users\/2"}],"replies":[{"embeddable":true,"href":"https:\/\/www.atorgael.com\/figurine\/wp-json\/wp\/v2\/comments?post=579"}],"version-history":[{"count":0,"href":"https:\/\/www.atorgael.com\/figurine\/wp-json\/wp\/v2\/posts\/579\/revisions"}],"wp:featuredmedia":[{"embeddable":true,"href":"https:\/\/www.atorgael.com\/figurine\/wp-json\/wp\/v2\/media\/864"}],"wp:attachment":[{"href":"https:\/\/www.atorgael.com\/figurine\/wp-json\/wp\/v2\/media?parent=579"}],"wp:term":[{"taxonomy":"category","embeddable":true,"href":"https:\/\/www.atorgael.com\/figurine\/wp-json\/wp\/v2\/categories?post=579"},{"taxonomy":"post_tag","embeddable":true,"href":"https:\/\/www.atorgael.com\/figurine\/wp-json\/wp\/v2\/tags?post=579"}],"curies":[{"name":"wp","href":"https:\/\/api.w.org\/{rel}","templated":true}]}}