{"id":1197,"date":"2015-04-29T08:49:08","date_gmt":"2015-04-29T06:49:08","guid":{"rendered":"http:\/\/www.atorgael.com\/figurine\/?p=1197"},"modified":"2015-05-29T16:18:26","modified_gmt":"2015-05-29T14:18:26","slug":"lictor","status":"publish","type":"post","link":"https:\/\/www.atorgael.com\/figurine\/lictor\/","title":{"rendered":"Lictor"},"content":{"rendered":"<p>Au fond de mes cartons, j&rsquo;ai retrouv\u00e9, en plus de tous mes essaims, un Lictor en m\u00e9tal. Une vielle figurine qui a un certain charme. Une figurine tellement ancienne qu&rsquo;elle a encore un socle carr\u00e9 !<\/p>\n<p>Dois-je vous dire comment la peindre apr\u00e8s que vous ayez lu tous les articles sur les pr\u00e9c\u00e9dentes unit\u00e9s de la ruche Infernis ? Non, je ne pense pas. Vous les avez bien lu au moins ?&#8230;<\/p>\n<p>Les particularit\u00e9s du Lictor ce sont ses griffes immenses et le fait qu&rsquo;il est suppos\u00e9 jaillir de n&rsquo;importe o\u00f9, cach\u00e9 dans l&rsquo;ombre ou se fondant dans le paysage. Pour le camouflage, le sch\u00e9ma se pr\u00eate d\u00e9j\u00e0 bien \u00e0 un paysage forestier, donc pas grand chose \u00e0 ajouter ou enlever. Pour les griffes, elles sont mises en valeurs avec des couleurs plus claires.<\/p>\n<p>Et voici au fil du temps, les diff\u00e9rentes \u00e9tapes pour le Lictor et les images de la figurine finie.<\/p>\n\n\t\t<style type=\"text\/css\">\n\t\t\t#gallery-1 {\n\t\t\t\tmargin: auto;\n\t\t\t}\n\t\t\t#gallery-1 .gallery-item {\n\t\t\t\tfloat: left;\n\t\t\t\tmargin-top: 10px;\n\t\t\t\ttext-align: center;\n\t\t\t\twidth: 33%;\n\t\t\t}\n\t\t\t#gallery-1 img {\n\t\t\t\tborder: 2px solid #cfcfcf;\n\t\t\t}\n\t\t\t#gallery-1 .gallery-caption {\n\t\t\t\tmargin-left: 0;\n\t\t\t}\n\t\t\t\/* see gallery_shortcode() in wp-includes\/media.php *\/\n\t\t<\/style>\n\t\t<div id='gallery-1' class='gallery galleryid-1197 gallery-columns-3 gallery-size-thumbnail'><dl class='gallery-item'>\n\t\t\t<dt class='gallery-icon portrait'>\n\t\t\t\t<a href='https:\/\/www.atorgael.com\/figurine\/lictor\/02base1lictor\/'><img loading=\"lazy\" decoding=\"async\" width=\"100\" height=\"150\" src=\"https:\/\/www.atorgael.com\/figurine\/files\/2015\/04\/02base1lictor-100x150.jpg\" class=\"attachment-thumbnail size-thumbnail\" alt=\"\" aria-describedby=\"gallery-1-1203\" srcset=\"https:\/\/www.atorgael.com\/figurine\/files\/2015\/04\/02base1lictor-100x150.jpg 100w, https:\/\/www.atorgael.com\/figurine\/files\/2015\/04\/02base1lictor-200x300.jpg 200w, https:\/\/www.atorgael.com\/figurine\/files\/2015\/04\/02base1lictor-532x800.jpg 532w, https:\/\/www.atorgael.com\/figurine\/files\/2015\/04\/02base1lictor.jpg 588w\" sizes=\"auto, (max-width: 100px) 100vw, 100px\" \/><\/a>\n\t\t\t<\/dt>\n\t\t\t\t<dd class='wp-caption-text gallery-caption' id='gallery-1-1203'>\n\t\t\t\tBase : Averland Sunset\n\t\t\t\t<\/dd><\/dl><dl class='gallery-item'>\n\t\t\t<dt class='gallery-icon portrait'>\n\t\t\t\t<a href='https:\/\/www.atorgael.com\/figurine\/lictor\/03base2lictor\/'><img loading=\"lazy\" decoding=\"async\" width=\"105\" height=\"150\" src=\"https:\/\/www.atorgael.com\/figurine\/files\/2015\/04\/03base2lictor-105x150.jpg\" class=\"attachment-thumbnail size-thumbnail\" alt=\"\" aria-describedby=\"gallery-1-1204\" srcset=\"https:\/\/www.atorgael.com\/figurine\/files\/2015\/04\/03base2lictor-105x150.jpg 105w, https:\/\/www.atorgael.com\/figurine\/files\/2015\/04\/03base2lictor-209x300.jpg 209w, https:\/\/www.atorgael.com\/figurine\/files\/2015\/04\/03base2lictor-558x800.jpg 558w, https:\/\/www.atorgael.com\/figurine\/files\/2015\/04\/03base2lictor.jpg 697w\" sizes=\"auto, (max-width: 105px) 100vw, 105px\" \/><\/a>\n\t\t\t<\/dt>\n\t\t\t\t<dd class='wp-caption-text gallery-caption' id='gallery-1-1204'>\n\t\t\t\tCarapace : Stormvermin Fur\n\t\t\t\t<\/dd><\/dl><dl class='gallery-item'>\n\t\t\t<dt class='gallery-icon portrait'>\n\t\t\t\t<a href='https:\/\/www.atorgael.com\/figurine\/lictor\/04base2lictor\/'><img loading=\"lazy\" decoding=\"async\" width=\"104\" height=\"150\" src=\"https:\/\/www.atorgael.com\/figurine\/files\/2015\/04\/04base2lictor-104x150.jpg\" class=\"attachment-thumbnail size-thumbnail\" alt=\"\" aria-describedby=\"gallery-1-1205\" srcset=\"https:\/\/www.atorgael.com\/figurine\/files\/2015\/04\/04base2lictor-104x150.jpg 104w, https:\/\/www.atorgael.com\/figurine\/files\/2015\/04\/04base2lictor-208x300.jpg 208w, https:\/\/www.atorgael.com\/figurine\/files\/2015\/04\/04base2lictor-554x800.jpg 554w, https:\/\/www.atorgael.com\/figurine\/files\/2015\/04\/04base2lictor.jpg 693w\" sizes=\"auto, (max-width: 104px) 100vw, 104px\" \/><\/a>\n\t\t\t<\/dt>\n\t\t\t\t<dd class='wp-caption-text gallery-caption' id='gallery-1-1205'>\n\t\t\t\t&#8230; partout\n\t\t\t\t<\/dd><\/dl><br style=\"clear: both\" \/><dl class='gallery-item'>\n\t\t\t<dt class='gallery-icon portrait'>\n\t\t\t\t<a href='https:\/\/www.atorgael.com\/figurine\/lictor\/05brosslictor\/'><img loading=\"lazy\" decoding=\"async\" width=\"133\" height=\"150\" src=\"https:\/\/www.atorgael.com\/figurine\/files\/2015\/04\/05brosslictor-133x150.jpg\" class=\"attachment-thumbnail size-thumbnail\" alt=\"\" aria-describedby=\"gallery-1-1206\" srcset=\"https:\/\/www.atorgael.com\/figurine\/files\/2015\/04\/05brosslictor-133x150.jpg 133w, https:\/\/www.atorgael.com\/figurine\/files\/2015\/04\/05brosslictor-267x300.jpg 267w, https:\/\/www.atorgael.com\/figurine\/files\/2015\/04\/05brosslictor-711x800.jpg 711w, https:\/\/www.atorgael.com\/figurine\/files\/2015\/04\/05brosslictor.jpg 889w\" sizes=\"auto, (max-width: 133px) 100vw, 133px\" \/><\/a>\n\t\t\t<\/dt>\n\t\t\t\t<dd class='wp-caption-text gallery-caption' id='gallery-1-1206'>\n\t\t\t\tBrossage \u00e0 l&rsquo;averland\n\t\t\t\t<\/dd><\/dl><dl class='gallery-item'>\n\t\t\t<dt class='gallery-icon portrait'>\n\t\t\t\t<a href='https:\/\/www.atorgael.com\/figurine\/lictor\/06brosslictor\/'><img loading=\"lazy\" decoding=\"async\" width=\"136\" height=\"150\" src=\"https:\/\/www.atorgael.com\/figurine\/files\/2015\/04\/06brosslictor-136x150.jpg\" class=\"attachment-thumbnail size-thumbnail\" alt=\"\" aria-describedby=\"gallery-1-1207\" srcset=\"https:\/\/www.atorgael.com\/figurine\/files\/2015\/04\/06brosslictor-136x150.jpg 136w, https:\/\/www.atorgael.com\/figurine\/files\/2015\/04\/06brosslictor-271x300.jpg 271w, https:\/\/www.atorgael.com\/figurine\/files\/2015\/04\/06brosslictor-723x800.jpg 723w, https:\/\/www.atorgael.com\/figurine\/files\/2015\/04\/06brosslictor.jpg 904w\" sizes=\"auto, (max-width: 136px) 100vw, 136px\" \/><\/a>\n\t\t\t<\/dt>\n\t\t\t\t<dd class='wp-caption-text gallery-caption' id='gallery-1-1207'>\n\t\t\t\tEn d\u00e9tail !\n\t\t\t\t<\/dd><\/dl><dl class='gallery-item'>\n\t\t\t<dt class='gallery-icon portrait'>\n\t\t\t\t<a href='https:\/\/www.atorgael.com\/figurine\/lictor\/07base3lictor\/'><img loading=\"lazy\" decoding=\"async\" width=\"101\" height=\"150\" src=\"https:\/\/www.atorgael.com\/figurine\/files\/2015\/04\/07base3lictor-101x150.jpg\" class=\"attachment-thumbnail size-thumbnail\" alt=\"\" aria-describedby=\"gallery-1-1208\" srcset=\"https:\/\/www.atorgael.com\/figurine\/files\/2015\/04\/07base3lictor-101x150.jpg 101w, https:\/\/www.atorgael.com\/figurine\/files\/2015\/04\/07base3lictor-201x300.jpg 201w, https:\/\/www.atorgael.com\/figurine\/files\/2015\/04\/07base3lictor-536x800.jpg 536w, https:\/\/www.atorgael.com\/figurine\/files\/2015\/04\/07base3lictor.jpg 670w\" sizes=\"auto, (max-width: 101px) 100vw, 101px\" \/><\/a>\n\t\t\t<\/dt>\n\t\t\t\t<dd class='wp-caption-text gallery-caption' id='gallery-1-1208'>\n\t\t\t\tLe vert des chairs int\u00e9rieures\n\t\t\t\t<\/dd><\/dl><br style=\"clear: both\" \/><dl class='gallery-item'>\n\t\t\t<dt class='gallery-icon landscape'>\n\t\t\t\t<a href='https:\/\/www.atorgael.com\/figurine\/lictor\/08shadelictor\/'><img loading=\"lazy\" decoding=\"async\" width=\"150\" height=\"102\" src=\"https:\/\/www.atorgael.com\/figurine\/files\/2015\/04\/08shadelictor-150x102.jpg\" class=\"attachment-thumbnail size-thumbnail\" alt=\"\" aria-describedby=\"gallery-1-1209\" srcset=\"https:\/\/www.atorgael.com\/figurine\/files\/2015\/04\/08shadelictor-150x102.jpg 150w, https:\/\/www.atorgael.com\/figurine\/files\/2015\/04\/08shadelictor-300x204.jpg 300w, https:\/\/www.atorgael.com\/figurine\/files\/2015\/04\/08shadelictor-800x544.jpg 800w, https:\/\/www.atorgael.com\/figurine\/files\/2015\/04\/08shadelictor.jpg 1000w\" sizes=\"auto, (max-width: 150px) 100vw, 150px\" \/><\/a>\n\t\t\t<\/dt>\n\t\t\t\t<dd class='wp-caption-text gallery-caption' id='gallery-1-1209'>\n\t\t\t\tLavis Agrax\n\t\t\t\t<\/dd><\/dl><dl class='gallery-item'>\n\t\t\t<dt class='gallery-icon landscape'>\n\t\t\t\t<a href='https:\/\/www.atorgael.com\/figurine\/lictor\/09base5lictor\/'><img loading=\"lazy\" decoding=\"async\" width=\"150\" height=\"112\" src=\"https:\/\/www.atorgael.com\/figurine\/files\/2015\/04\/09base5lictor-150x112.jpg\" class=\"attachment-thumbnail size-thumbnail\" alt=\"\" aria-describedby=\"gallery-1-1211\" srcset=\"https:\/\/www.atorgael.com\/figurine\/files\/2015\/04\/09base5lictor-150x112.jpg 150w, https:\/\/www.atorgael.com\/figurine\/files\/2015\/04\/09base5lictor-300x224.jpg 300w, https:\/\/www.atorgael.com\/figurine\/files\/2015\/04\/09base5lictor-800x598.jpg 800w, https:\/\/www.atorgael.com\/figurine\/files\/2015\/04\/09base5lictor.jpg 1000w\" sizes=\"auto, (max-width: 150px) 100vw, 150px\" \/><\/a>\n\t\t\t<\/dt>\n\t\t\t\t<dd class='wp-caption-text gallery-caption' id='gallery-1-1211'>\n\t\t\t\tKarak Stone puis Pallyd flesh\n\t\t\t\t<\/dd><\/dl><dl class='gallery-item'>\n\t\t\t<dt class='gallery-icon portrait'>\n\t\t\t\t<a href='https:\/\/www.atorgael.com\/figurine\/lictor\/09base4lictor\/'><img loading=\"lazy\" decoding=\"async\" width=\"87\" height=\"150\" src=\"https:\/\/www.atorgael.com\/figurine\/files\/2015\/04\/09base4lictor-87x150.jpg\" class=\"attachment-thumbnail size-thumbnail\" alt=\"\" aria-describedby=\"gallery-1-1210\" srcset=\"https:\/\/www.atorgael.com\/figurine\/files\/2015\/04\/09base4lictor-87x150.jpg 87w, https:\/\/www.atorgael.com\/figurine\/files\/2015\/04\/09base4lictor-173x300.jpg 173w, https:\/\/www.atorgael.com\/figurine\/files\/2015\/04\/09base4lictor-462x800.jpg 462w, https:\/\/www.atorgael.com\/figurine\/files\/2015\/04\/09base4lictor.jpg 577w\" sizes=\"auto, (max-width: 87px) 100vw, 87px\" \/><\/a>\n\t\t\t<\/dt>\n\t\t\t\t<dd class='wp-caption-text gallery-caption' id='gallery-1-1210'>\n\t\t\t\tLavis d&rsquo;agrax l\u00e0 o\u00f9 il faut et autres d\u00e9tails\n\t\t\t\t<\/dd><\/dl><br style=\"clear: both\" \/>\n\t\t<\/div>\n\n\n\t\t<style type=\"text\/css\">\n\t\t\t#gallery-2 {\n\t\t\t\tmargin: auto;\n\t\t\t}\n\t\t\t#gallery-2 .gallery-item {\n\t\t\t\tfloat: left;\n\t\t\t\tmargin-top: 10px;\n\t\t\t\ttext-align: center;\n\t\t\t\twidth: 25%;\n\t\t\t}\n\t\t\t#gallery-2 img {\n\t\t\t\tborder: 2px solid #cfcfcf;\n\t\t\t}\n\t\t\t#gallery-2 .gallery-caption {\n\t\t\t\tmargin-left: 0;\n\t\t\t}\n\t\t\t\/* see gallery_shortcode() in wp-includes\/media.php *\/\n\t\t<\/style>\n\t\t<div id='gallery-2' class='gallery galleryid-1197 gallery-columns-4 gallery-size-thumbnail'><dl class='gallery-item'>\n\t\t\t<dt class='gallery-icon portrait'>\n\t\t\t\t<a href='https:\/\/www.atorgael.com\/figurine\/lictor\/11lictor\/'><img loading=\"lazy\" decoding=\"async\" width=\"102\" height=\"150\" src=\"https:\/\/www.atorgael.com\/figurine\/files\/2015\/04\/11lictor-102x150.jpg\" class=\"attachment-thumbnail size-thumbnail\" alt=\"\" srcset=\"https:\/\/www.atorgael.com\/figurine\/files\/2015\/04\/11lictor-102x150.jpg 102w, https:\/\/www.atorgael.com\/figurine\/files\/2015\/04\/11lictor-204x300.jpg 204w, https:\/\/www.atorgael.com\/figurine\/files\/2015\/04\/11lictor-545x800.jpg 545w, https:\/\/www.atorgael.com\/figurine\/files\/2015\/04\/11lictor.jpg 681w\" sizes=\"auto, (max-width: 102px) 100vw, 102px\" \/><\/a>\n\t\t\t<\/dt><\/dl><dl class='gallery-item'>\n\t\t\t<dt class='gallery-icon portrait'>\n\t\t\t\t<a href='https:\/\/www.atorgael.com\/figurine\/lictor\/12lictor\/'><img loading=\"lazy\" decoding=\"async\" width=\"108\" height=\"150\" src=\"https:\/\/www.atorgael.com\/figurine\/files\/2015\/04\/12lictor-108x150.jpg\" class=\"attachment-thumbnail size-thumbnail\" alt=\"\" srcset=\"https:\/\/www.atorgael.com\/figurine\/files\/2015\/04\/12lictor-108x150.jpg 108w, https:\/\/www.atorgael.com\/figurine\/files\/2015\/04\/12lictor-216x300.jpg 216w, https:\/\/www.atorgael.com\/figurine\/files\/2015\/04\/12lictor-577x800.jpg 577w, https:\/\/www.atorgael.com\/figurine\/files\/2015\/04\/12lictor.jpg 721w\" sizes=\"auto, (max-width: 108px) 100vw, 108px\" \/><\/a>\n\t\t\t<\/dt><\/dl><dl class='gallery-item'>\n\t\t\t<dt class='gallery-icon portrait'>\n\t\t\t\t<a href='https:\/\/www.atorgael.com\/figurine\/lictor\/13lictor\/'><img loading=\"lazy\" decoding=\"async\" width=\"103\" height=\"150\" src=\"https:\/\/www.atorgael.com\/figurine\/files\/2015\/04\/13lictor-103x150.jpg\" class=\"attachment-thumbnail size-thumbnail\" alt=\"\" srcset=\"https:\/\/www.atorgael.com\/figurine\/files\/2015\/04\/13lictor-103x150.jpg 103w, https:\/\/www.atorgael.com\/figurine\/files\/2015\/04\/13lictor-206x300.jpg 206w, https:\/\/www.atorgael.com\/figurine\/files\/2015\/04\/13lictor-548x800.jpg 548w, https:\/\/www.atorgael.com\/figurine\/files\/2015\/04\/13lictor.jpg 685w\" sizes=\"auto, (max-width: 103px) 100vw, 103px\" \/><\/a>\n\t\t\t<\/dt><\/dl><dl class='gallery-item'>\n\t\t\t<dt class='gallery-icon portrait'>\n\t\t\t\t<a href='https:\/\/www.atorgael.com\/figurine\/lictor\/10lictor\/'><img loading=\"lazy\" decoding=\"async\" width=\"107\" height=\"150\" src=\"https:\/\/www.atorgael.com\/figurine\/files\/2015\/04\/10lictor-107x150.jpg\" class=\"attachment-thumbnail size-thumbnail\" alt=\"\" srcset=\"https:\/\/www.atorgael.com\/figurine\/files\/2015\/04\/10lictor-107x150.jpg 107w, https:\/\/www.atorgael.com\/figurine\/files\/2015\/04\/10lictor-213x300.jpg 213w, https:\/\/www.atorgael.com\/figurine\/files\/2015\/04\/10lictor-569x800.jpg 569w, https:\/\/www.atorgael.com\/figurine\/files\/2015\/04\/10lictor.jpg 711w\" sizes=\"auto, (max-width: 107px) 100vw, 107px\" \/><\/a>\n\t\t\t<\/dt><\/dl><br style=\"clear: both\" \/>\n\t\t<\/div>\n\n","protected":false},"excerpt":{"rendered":"<p>Au fond de mes cartons, j&rsquo;ai retrouv\u00e9, en plus de tous mes essaims, un Lictor en m\u00e9tal. Une vielle figurine qui a un certain charme. Une figurine tellement ancienne qu&rsquo;elle a encore un socle carr\u00e9 ! Dois-je vous dire comment la peindre apr\u00e8s que vous ayez lu tous les articles sur les pr\u00e9c\u00e9dentes unit\u00e9s de [&hellip;]<\/p>\n","protected":false},"author":2,"featured_media":1201,"comment_status":"open","ping_status":"open","sticky":false,"template":"","format":"standard","meta":{"footnotes":""},"categories":[68,3],"tags":[28,48,52],"class_list":{"0":"post-1197","1":"post","2":"type-post","3":"status-publish","4":"format-standard","5":"has-post-thumbnail","7":"category-tyranides","8":"category-wh40k","9":"tag-elite","10":"tag-tyranide","11":"tag-warhammer-40-000","12":"czr-hentry"},"views":2776,"_links":{"self":[{"href":"https:\/\/www.atorgael.com\/figurine\/wp-json\/wp\/v2\/posts\/1197","targetHints":{"allow":["GET"]}}],"collection":[{"href":"https:\/\/www.atorgael.com\/figurine\/wp-json\/wp\/v2\/posts"}],"about":[{"href":"https:\/\/www.atorgael.com\/figurine\/wp-json\/wp\/v2\/types\/post"}],"author":[{"embeddable":true,"href":"https:\/\/www.atorgael.com\/figurine\/wp-json\/wp\/v2\/users\/2"}],"replies":[{"embeddable":true,"href":"https:\/\/www.atorgael.com\/figurine\/wp-json\/wp\/v2\/comments?post=1197"}],"version-history":[{"count":0,"href":"https:\/\/www.atorgael.com\/figurine\/wp-json\/wp\/v2\/posts\/1197\/revisions"}],"wp:featuredmedia":[{"embeddable":true,"href":"https:\/\/www.atorgael.com\/figurine\/wp-json\/wp\/v2\/media\/1201"}],"wp:attachment":[{"href":"https:\/\/www.atorgael.com\/figurine\/wp-json\/wp\/v2\/media?parent=1197"}],"wp:term":[{"taxonomy":"category","embeddable":true,"href":"https:\/\/www.atorgael.com\/figurine\/wp-json\/wp\/v2\/categories?post=1197"},{"taxonomy":"post_tag","embeddable":true,"href":"https:\/\/www.atorgael.com\/figurine\/wp-json\/wp\/v2\/tags?post=1197"}],"curies":[{"name":"wp","href":"https:\/\/api.w.org\/{rel}","templated":true}]}}