{"id":1,"date":"2013-05-14T10:44:34","date_gmt":"2013-05-14T08:44:34","guid":{"rendered":"http:\/\/www.atorgael.com\/figurine\/?p=1"},"modified":"2013-06-07T13:17:35","modified_gmt":"2013-06-07T11:17:35","slug":"inquisiteur","status":"publish","type":"post","link":"https:\/\/www.atorgael.com\/figurine\/inquisiteur\/","title":{"rendered":"Inquisiteurs"},"content":{"rendered":"<p>Ils sont au nombre de 2 pour le moment mais sachez qu&rsquo;en cas d&rsquo;invasion d\u00e9moniaque majeure, nous sommes parfaitement capable d&rsquo;appeler quelques renforts. Alors faites pas les malins !<\/p>\n<h1>Inquisiteur Coteaz<\/h1>\n<p>Voici une ancienne figurines (en m\u00e9tal donc) achet\u00e9e il y a fort longtemps et qui a pass\u00e9 beaucoup de temps en m\u00e9ditation (comprendre : au fond d&rsquo;une boite sombre \u00e0 attendre que je me d\u00e9cide).<\/p>\n<p>Peinte entre deux couches pass\u00e9es sur mes chevaliers gris, cette figurine fut rapide \u00e0 peindre avec un premier essai d&rsquo;armure dor\u00e9e. Voila ce que \u00e7a donne au final :<\/p>\n<p style=\"text-align: center;\"><img loading=\"lazy\" decoding=\"async\" class=\"aligncenter size-full wp-image-714\" alt=\"inq_coteaz\" src=\"http:\/\/www.atorgael.com\/figurine\/files\/2013\/05\/inq_coteaz.jpg\" width=\"697\" height=\"861\" srcset=\"https:\/\/www.atorgael.com\/figurine\/files\/2013\/05\/inq_coteaz.jpg 697w, https:\/\/www.atorgael.com\/figurine\/files\/2013\/05\/inq_coteaz-121x150.jpg 121w, https:\/\/www.atorgael.com\/figurine\/files\/2013\/05\/inq_coteaz-242x300.jpg 242w, https:\/\/www.atorgael.com\/figurine\/files\/2013\/05\/inq_coteaz-647x800.jpg 647w\" sizes=\"auto, (max-width: 697px) 100vw, 697px\" \/><\/p>\n<p>Je suis assez content de l&rsquo;effet rendu sur le cr\u00e2ne d\u00e9garni de Coteaz (les soucis certainement) avec un simple passage de lavis noir sur la chair.<\/p>\n<h1>Inquisiteur de l&rsquo;Ordo Malleus<\/h1>\n<p>Si Coteaz a ses propres desseins, cet inquisiteur de l&rsquo;ordo Malleus est un fou fanatique engag\u00e9 dans une purge implacable de tout ce qui peut ressembler de pr\u00e8s ou de loin \u00e0 une manifestation chaotique. Ainsi, il s&rsquo;est arm\u00e9 en se servant directement dans l&rsquo;arsenal de Titan.<\/p>\n<p>Il dispose ainsi d&rsquo;une armure terminator, d&rsquo;un marteau N\u00e9m\u00e9sis tueur de D\u00e9mon et d&rsquo;un psycanon. Deux-trois babioles \u00e9sot\u00e9riques viennent compl\u00e9ter le tout afin d&rsquo;\u00eatre s\u00fbr que les d\u00e9mons ne se rel\u00e8veront pas.<\/p>\n<p>&nbsp;<\/p>\n<p>Figurine assembl\u00e9e \u00e0 partir des grappes des terminators Chevalier Gris et des terminator Dark Angel, ce ne fut pas simple de trouver la bonne combinaison entre les diff\u00e9rentes pi\u00e8ces. La toge DA est la principale responsable car il fallait qu&rsquo;elle s&rsquo;int\u00e8gre avec les jambes CG, et je n&rsquo;est trouv\u00e9 qu&rsquo;une paire compatible qui ne demande pas trop de travail de coupes\/rebouchages\/torsions&#8230;<\/p>\n<p><img loading=\"lazy\" decoding=\"async\" class=\"aligncenter size-full wp-image-756\" alt=\"inqui000\" src=\"http:\/\/www.atorgael.com\/figurine\/files\/2013\/05\/inqui000.jpg\" width=\"800\" height=\"650\" srcset=\"https:\/\/www.atorgael.com\/figurine\/files\/2013\/05\/inqui000.jpg 800w, https:\/\/www.atorgael.com\/figurine\/files\/2013\/05\/inqui000-150x121.jpg 150w, https:\/\/www.atorgael.com\/figurine\/files\/2013\/05\/inqui000-300x243.jpg 300w\" sizes=\"auto, (max-width: 800px) 100vw, 800px\" \/><\/p>\n<p>Au final cette figurine passe bien au milieu des autres terminators de mon arm\u00e9e de Chevaliers Gris. Peinte de la m\u00eame mani\u00e8re que les paladins elle s&rsquo;int\u00e8gre parfaitement en gardant sa personnalit\u00e9 propre et reste parfaitement identifiable.<\/p>\n<p style=\"text-align: center;\"><img loading=\"lazy\" decoding=\"async\" class=\"aligncenter size-full wp-image-758\" alt=\"inqui002\" src=\"http:\/\/www.atorgael.com\/figurine\/files\/2013\/05\/inqui002.jpg\" width=\"1200\" height=\"603\" srcset=\"https:\/\/www.atorgael.com\/figurine\/files\/2013\/05\/inqui002.jpg 1200w, https:\/\/www.atorgael.com\/figurine\/files\/2013\/05\/inqui002-150x75.jpg 150w, https:\/\/www.atorgael.com\/figurine\/files\/2013\/05\/inqui002-300x150.jpg 300w, https:\/\/www.atorgael.com\/figurine\/files\/2013\/05\/inqui002-800x402.jpg 800w\" sizes=\"auto, (max-width: 1200px) 100vw, 1200px\" \/><\/p>\n<p>Pour le socle, je me suis servi de socle r\u00e9sine de GW, la peinture n&rsquo;a utilis\u00e9 que 2 couleurs fondues dans le frais puis liss\u00e9es \u00e0 grands coups de Lavis d&rsquo;Agrax. Quelques brossages plus tard, le socle \u00e9tait pr\u00eat.<\/p>\n<p><img loading=\"lazy\" decoding=\"async\" class=\"aligncenter size-full wp-image-757\" alt=\"inqui001\" src=\"http:\/\/www.atorgael.com\/figurine\/files\/2013\/05\/inqui001.jpg\" width=\"800\" height=\"506\" srcset=\"https:\/\/www.atorgael.com\/figurine\/files\/2013\/05\/inqui001.jpg 800w, https:\/\/www.atorgael.com\/figurine\/files\/2013\/05\/inqui001-150x94.jpg 150w, https:\/\/www.atorgael.com\/figurine\/files\/2013\/05\/inqui001-300x189.jpg 300w\" sizes=\"auto, (max-width: 800px) 100vw, 800px\" \/><\/p>\n","protected":false},"excerpt":{"rendered":"<p>Ils sont au nombre de 2 pour le moment mais sachez qu&rsquo;en cas d&rsquo;invasion d\u00e9moniaque majeure, nous sommes parfaitement capable d&rsquo;appeler quelques renforts. Alors faites pas les malins ! Inquisiteur Coteaz Voici une ancienne figurines (en m\u00e9tal donc) achet\u00e9e il y a fort longtemps et qui a pass\u00e9 beaucoup de temps en m\u00e9ditation (comprendre : [&hellip;]<\/p>\n","protected":false},"author":2,"featured_media":756,"comment_status":"open","ping_status":"open","sticky":false,"template":"","format":"standard","meta":{"footnotes":""},"categories":[6,3],"tags":[55,44,52],"class_list":{"0":"post-1","1":"post","2":"type-post","3":"status-publish","4":"format-standard","5":"has-post-thumbnail","7":"category-c_gris","8":"category-wh40k","9":"tag-inquisition","10":"tag-space-marine","11":"tag-warhammer-40-000","12":"czr-hentry"},"views":3293,"_links":{"self":[{"href":"https:\/\/www.atorgael.com\/figurine\/wp-json\/wp\/v2\/posts\/1","targetHints":{"allow":["GET"]}}],"collection":[{"href":"https:\/\/www.atorgael.com\/figurine\/wp-json\/wp\/v2\/posts"}],"about":[{"href":"https:\/\/www.atorgael.com\/figurine\/wp-json\/wp\/v2\/types\/post"}],"author":[{"embeddable":true,"href":"https:\/\/www.atorgael.com\/figurine\/wp-json\/wp\/v2\/users\/2"}],"replies":[{"embeddable":true,"href":"https:\/\/www.atorgael.com\/figurine\/wp-json\/wp\/v2\/comments?post=1"}],"version-history":[{"count":0,"href":"https:\/\/www.atorgael.com\/figurine\/wp-json\/wp\/v2\/posts\/1\/revisions"}],"wp:featuredmedia":[{"embeddable":true,"href":"https:\/\/www.atorgael.com\/figurine\/wp-json\/wp\/v2\/media\/756"}],"wp:attachment":[{"href":"https:\/\/www.atorgael.com\/figurine\/wp-json\/wp\/v2\/media?parent=1"}],"wp:term":[{"taxonomy":"category","embeddable":true,"href":"https:\/\/www.atorgael.com\/figurine\/wp-json\/wp\/v2\/categories?post=1"},{"taxonomy":"post_tag","embeddable":true,"href":"https:\/\/www.atorgael.com\/figurine\/wp-json\/wp\/v2\/tags?post=1"}],"curies":[{"name":"wp","href":"https:\/\/api.w.org\/{rel}","templated":true}]}}